{"id":150128,"date":"2025-11-13T02:42:22","date_gmt":"2025-11-13T02:42:22","guid":{"rendered":"https:\/\/www.europesays.com\/pt\/150128\/"},"modified":"2025-11-13T02:42:22","modified_gmt":"2025-11-13T02:42:22","slug":"video-mostra-momento-surreal-em-que-condutor-de-carro-investe-sobre-um-motociclista-na-ponte-25-de-abril","status":"publish","type":"post","link":"https:\/\/www.europesays.com\/pt\/150128\/","title":{"rendered":"V\u00eddeo mostra momento surreal em que condutor de carro investe sobre um motociclista na Ponte 25 de Abril"},"content":{"rendered":"<p>Um carro abalroou um motociclista na Ponte 25 de Abril, no passado domingo, e o momento ficou registado em v\u00eddeo.<\/p>\n<p>Nas imagens, \u00e9 poss\u00edvel ver o motociclista quase imobilizado na faixa de rodagem, no sentido Lisboa-Almada, quando \u00e9 inesperadamente atingido por um autom\u00f3vel que surge a grande velocidade.<\/p>\n<p>O impacto projetou o motociclista, provocando rea\u00e7\u00f5es de choque nos restantes condutores e causando perigo numa das vias mais movimentadas do pa\u00eds.<\/p>\n","protected":false},"excerpt":{"rendered":"Um carro abalroou um motociclista na Ponte 25 de Abril, no passado domingo, e o momento ficou registado&hellip;\n","protected":false},"author":2,"featured_media":150129,"comment_status":"","ping_status":"","sticky":false,"template":"","format":"standard","meta":{"footnotes":""},"categories":[83],"tags":[260,4996,4997,88,89,90,2270,4999,186,4998,6738,32,33,3204,110],"class_list":{"0":"post-150128","1":"post","2":"type-post","3":"status-publish","4":"format-standard","5":"has-post-thumbnail","7":"category-empresas","8":"tag-atualidade","9":"tag-away","10":"tag-away-magazine","11":"tag-business","12":"tag-economy","13":"tag-empresas","14":"tag-energia","15":"tag-evasao","16":"tag-lifestyle","17":"tag-mobilidade","18":"tag-ponte-25-de-abril","19":"tag-portugal","20":"tag-pt","21":"tag-sustentabilidade","22":"tag-tecnologia"},"share_on_mastodon":{"url":"https:\/\/pubeurope.com\/@pt\/115540088937424490","error":""},"_links":{"self":[{"href":"https:\/\/www.europesays.com\/pt\/wp-json\/wp\/v2\/posts\/150128","targetHints":{"allow":["GET"]}}],"collection":[{"href":"https:\/\/www.europesays.com\/pt\/wp-json\/wp\/v2\/posts"}],"about":[{"href":"https:\/\/www.europesays.com\/pt\/wp-json\/wp\/v2\/types\/post"}],"author":[{"embeddable":true,"href":"https:\/\/www.europesays.com\/pt\/wp-json\/wp\/v2\/users\/2"}],"replies":[{"embeddable":true,"href":"https:\/\/www.europesays.com\/pt\/wp-json\/wp\/v2\/comments?post=150128"}],"version-history":[{"count":0,"href":"https:\/\/www.europesays.com\/pt\/wp-json\/wp\/v2\/posts\/150128\/revisions"}],"wp:featuredmedia":[{"embeddable":true,"href":"https:\/\/www.europesays.com\/pt\/wp-json\/wp\/v2\/media\/150129"}],"wp:attachment":[{"href":"https:\/\/www.europesays.com\/pt\/wp-json\/wp\/v2\/media?parent=150128"}],"wp:term":[{"taxonomy":"category","embeddable":true,"href":"https:\/\/www.europesays.com\/pt\/wp-json\/wp\/v2\/categories?post=150128"},{"taxonomy":"post_tag","embeddable":true,"href":"https:\/\/www.europesays.com\/pt\/wp-json\/wp\/v2\/tags?post=150128"}],"curies":[{"name":"wp","href":"https:\/\/api.w.org\/{rel}","templated":true}]}}