{"id":150132,"date":"2025-11-13T02:44:08","date_gmt":"2025-11-13T02:44:08","guid":{"rendered":"https:\/\/www.europesays.com\/pt\/150132\/"},"modified":"2025-11-13T02:44:08","modified_gmt":"2025-11-13T02:44:08","slug":"psd-lisboa-reune-com-urgencia-para-analisar-derrota-na-aml-observador","status":"publish","type":"post","link":"https:\/\/www.europesays.com\/pt\/150132\/","title":{"rendered":"PSD\/Lisboa re\u00fane com urg\u00eancia para analisar derrota na AML \u2013 Observador"},"content":{"rendered":"<p>Depois do insucesso da elei\u00e7\u00e3o de Margarida Mano, foi convocada para a noite desta quarta-feira uma reuni\u00e3o da Comiss\u00e3o Pol\u00edtica do PSD de Lisboa \u201cpara analisar o resultado da elei\u00e7\u00e3o para a Assembleia Municipal de Lisboa\u201d, revelou ao Observador Lu\u00eds Newton, presidente da concelhia social-democrata.<\/p>\n<p>Na primeira rea\u00e7\u00e3o \u00e0 <strong><a href=\"https:\/\/observador.pt\/especiais\/eleicao-falhada-para-a-assembleia-municipal-deu-sabor-amargo-a-segunda-tomada-de-posse-de-moedas\/\" rel=\"nofollow noopener\" target=\"_blank\">derrota<\/a> <\/strong>da candidatura do PSD \u00e0 mesa da AML, Lu\u00eds Newton disse na ter\u00e7a-feira ao Observador que tinha de \u201cir fazer contas\u201d para compreender o que esteve por tr\u00e1s do insucesso na elei\u00e7\u00e3o. Isto porque a candidatura encabe\u00e7ada por Margarida Mano apenas teve 31 votos, quando PSD, CDS e IL\u00a0t\u00eam um total de 32 deputados municipais.\u00a0\u201cParece-me claro que houve uma uni\u00e3o da esquerda para subverter o resultado eleitoral, mas \u00e9 preciso fazer uma <a href=\"https:\/\/observador.pt\/especiais\/eleicao-falhada-para-a-assembleia-municipal-deu-sabor-amargo-a-segunda-tomada-de-posse-de-moedas\/\" rel=\"nofollow noopener\" target=\"_blank\"><strong>an\u00e1lise dos votos<\/strong><\/a> \u00e0 direita\u201c, disse Newton, depois da tomada de posse dos \u00f3rg\u00e3os municipais.<\/p>\n<p>A convoca\u00e7\u00e3o desta reuni\u00e3o extraordin\u00e1ria parece dar for\u00e7a \u00e0 ideia que, dentro do PSD, h\u00e1 quem suspeite que o insucesso da elei\u00e7\u00e3o de Margarida Mano se deveu \u00e0 falta de votos de sociais-democratas e n\u00e3o dos votos dos deputados do Chega. Ao contr\u00e1rio do que fizeram as bancadas da IL e do CDS,\u00a0Lu\u00eds Newton n\u00e3o garantiu que todos os deputados do PSD tenham votado em Mano nem atribuiu a responsabilidade da derrota ao Chega.<\/p>\n<p>Mesmo tendo perdido as elei\u00e7\u00f5es em Lisboa, o PS conseguiu garantir a continuidade na presid\u00eancia da AML com Andr\u00e9 Moz Caldas a ser eleito para o cargo. Com um <strong><a href=\"https:\/\/observador.pt\/2025\/11\/11\/ps-quer-presidir-assembleia-municipal-de-lisboa-moedas-acusa-socialistas-de-tentarem-impor-solucao-rejeitada-nas-urnas\/\" rel=\"nofollow noopener\" target=\"_blank\">acordo com a CDU<\/a><\/strong> conseguido \u00e0 \u00faltima da hora, os socialistas garantiram os 37 votos de todos os deputados municipais de esquerda. Isto n\u00e3o seria suficiente se, por sua vez, os partidos da coliga\u00e7\u00e3o de Carlos Moedas (32 deputados) cumprissem a sua parte e se tivessem unido ao Chega (6) \u2014 nesse caso, garantiriam uma maioria de 38 votos. A candidatura do PSD acabou por apenas ter 31 votos, tendo havido ainda duas absten\u00e7\u00f5es e cinco votos nulos.<\/p>\n","protected":false},"excerpt":{"rendered":"Depois do insucesso da elei\u00e7\u00e3o de Margarida Mano, foi convocada para a noite desta quarta-feira uma reuni\u00e3o da&hellip;\n","protected":false},"author":2,"featured_media":150133,"comment_status":"","ping_status":"","sticky":false,"template":"","format":"standard","meta":{"footnotes":""},"categories":[10],"tags":[27,28,6171,15,16,14,25,26,797,21,22,12,13,19,20,57,32,23,24,33,58,17,18,29,30,31],"class_list":{"0":"post-150132","1":"post","2":"type-post","3":"status-publish","4":"format-standard","5":"has-post-thumbnail","7":"category-portugal","8":"tag-breaking-news","9":"tag-breakingnews","10":"tag-cu00e2mara-municipal-lisboa","11":"tag-featured-news","12":"tag-featurednews","13":"tag-headlines","14":"tag-latest-news","15":"tag-latestnews","16":"tag-lisboa","17":"tag-main-news","18":"tag-mainnews","19":"tag-news","20":"tag-noticias","21":"tag-noticias-principais","22":"tag-noticiasprincipais","23":"tag-pau00eds","24":"tag-portugal","25":"tag-principais-noticias","26":"tag-principaisnoticias","27":"tag-pt","28":"tag-sociedade","29":"tag-top-stories","30":"tag-topstories","31":"tag-ultimas","32":"tag-ultimas-noticias","33":"tag-ultimasnoticias"},"share_on_mastodon":{"url":"https:\/\/pubeurope.com\/@pt\/115540096559657286","error":""},"_links":{"self":[{"href":"https:\/\/www.europesays.com\/pt\/wp-json\/wp\/v2\/posts\/150132","targetHints":{"allow":["GET"]}}],"collection":[{"href":"https:\/\/www.europesays.com\/pt\/wp-json\/wp\/v2\/posts"}],"about":[{"href":"https:\/\/www.europesays.com\/pt\/wp-json\/wp\/v2\/types\/post"}],"author":[{"embeddable":true,"href":"https:\/\/www.europesays.com\/pt\/wp-json\/wp\/v2\/users\/2"}],"replies":[{"embeddable":true,"href":"https:\/\/www.europesays.com\/pt\/wp-json\/wp\/v2\/comments?post=150132"}],"version-history":[{"count":0,"href":"https:\/\/www.europesays.com\/pt\/wp-json\/wp\/v2\/posts\/150132\/revisions"}],"wp:featuredmedia":[{"embeddable":true,"href":"https:\/\/www.europesays.com\/pt\/wp-json\/wp\/v2\/media\/150133"}],"wp:attachment":[{"href":"https:\/\/www.europesays.com\/pt\/wp-json\/wp\/v2\/media?parent=150132"}],"wp:term":[{"taxonomy":"category","embeddable":true,"href":"https:\/\/www.europesays.com\/pt\/wp-json\/wp\/v2\/categories?post=150132"},{"taxonomy":"post_tag","embeddable":true,"href":"https:\/\/www.europesays.com\/pt\/wp-json\/wp\/v2\/tags?post=150132"}],"curies":[{"name":"wp","href":"https:\/\/api.w.org\/{rel}","templated":true}]}}