{"id":150134,"date":"2025-11-13T02:46:46","date_gmt":"2025-11-13T02:46:46","guid":{"rendered":"https:\/\/www.europesays.com\/pt\/150134\/"},"modified":"2025-11-13T02:46:46","modified_gmt":"2025-11-13T02:46:46","slug":"ja-faz-1-ano-rita-pereira-revive-os-melhores-momentos-da-filha-com-imagens-nunca-antes-vistas-novelas","status":"publish","type":"post","link":"https:\/\/www.europesays.com\/pt\/150134\/","title":{"rendered":"\u00abJ\u00e1 faz 1 ano?\u00bb: Rita Pereira revive os melhores momentos da filha com imagens nunca antes vistas &#8211; Novelas"},"content":{"rendered":"<p data-end=\"539\" data-start=\"224\">Esta quarta-feira, dia 12, \u00e9 um dia especial na vida da atriz<a href=\"https:\/\/tvi.iol.pt\/novelas\/rita-pereira\/maria-de-fatima\/o-coracao-confirmou-rita-pereira-explode-de-emocao-com-vitoria-historica\" rel=\"nofollow noopener\" target=\"_blank\"> <strong data-end=\"302\" data-start=\"286\">Rita Pereira<\/strong>, <\/a>que celebra o <strong data-end=\"356\" data-start=\"318\">primeiro anivers\u00e1rio da filha Low\u00ea<\/strong>, fruto da rela\u00e7\u00e3o com o empres\u00e1rio <strong data-end=\"412\" data-start=\"392\">Guillaume Lalung<\/strong>. Para assinalar a data, Rita Pereira partilhou nas redes sociais <strong data-end=\"506\" data-start=\"478\">imagens in\u00e9ditas da beb\u00e9<\/strong>, emocionando seguidores e f\u00e3s.<\/p>\n<p data-end=\"928\" data-start=\"541\">A atriz compilou v\u00e1rias fotografias e v\u00eddeos, come\u00e7ando pelo <strong data-end=\"622\" data-start=\"602\">momento do parto<\/strong> e seguindo at\u00e9 ao <strong data-end=\"674\" data-start=\"641\">primeiro dia da filha em casa<\/strong>. Entre os registos, destacam-se tamb\u00e9m <strong data-end=\"737\" data-start=\"714\">momentos em fam\u00edlia<\/strong>, onde Low\u00ea surge em intera\u00e7\u00e3o com o irm\u00e3o, <strong data-end=\"789\" data-start=\"781\">Lon\u00f4<\/strong>, filho mais velho de Rita. Estes momentos mostram a <strong data-end=\"877\" data-start=\"842\">alegria e cumplicidade familiar<\/strong>, refor\u00e7ando a liga\u00e7\u00e3o entre os irm\u00e3os e os pais.<\/p>\n<p data-end=\"1163\" data-start=\"930\">Na legenda do v\u00eddeo, Rita Pereira escreveu com emo\u00e7\u00e3o: &#8220;<strong data-end=\"1068\" data-start=\"986\">Mas \u00e9 que \u00e9 mesmo essa frase: J\u00e1?! J\u00e1 faz 1 ano? Yap!! Esta mi\u00fada j\u00e1 faz 1 ano<\/strong>&#8220;, transmitindo o misto de surpresa e felicidade que caracteriza este marco na vida familiar.<\/p>\n<p data-end=\"1417\" data-start=\"1165\">A publica\u00e7\u00e3o rapidamente encheu-se de mensagens de carinho. Na caixa de coment\u00e1rios, <strong data-end=\"1282\" data-start=\"1250\">amigos, colegas e seguidores<\/strong> deixaram parab\u00e9ns \u00e0 pequena Low\u00ea, destacando a forma como o crescimento da beb\u00e9 tem sido acompanhado e celebrado pelos f\u00e3s da atriz: \u00abParab\u00e9ns Lindona \u2764\ufe0fQue sejas sempre mto feliz\u00bb; \u00abParab\u00e9ns \u00e0 princesa \ud83c\udf89\u00bb; \u00abComo assim j\u00e1 um ano ? Parab\u00e9ns \u2764\ufe0f\u2764\ufe0f\u2764\ufe0f\u00bb entre muitos outros.<\/p>\n<p data-end=\"1725\" data-start=\"1419\">Este momento marca n\u00e3o s\u00f3 o <strong data-end=\"1479\" data-start=\"1447\">primeiro ano de vida de Low\u00ea<\/strong>, mas tamb\u00e9m celebra a <strong data-end=\"1548\" data-start=\"1502\">fam\u00edlia de Rita Pereira e Guillaume Lalung<\/strong>, que partilham com os seguidores os instantes mais especiais e \u00edntimos da vida em fam\u00edlia, revelando o lado mais pessoal e humano da atriz, al\u00e9m do seu percurso profissional.<\/p>\n","protected":false},"excerpt":{"rendered":"Esta quarta-feira, dia 12, \u00e9 um dia especial na vida da atriz Rita Pereira, que celebra o primeiro&hellip;\n","protected":false},"author":2,"featured_media":150135,"comment_status":"","ping_status":"","sticky":false,"template":"","format":"standard","meta":{"footnotes":""},"categories":[145],"tags":[2642,160,996,211,210,166,114,115,981,157,167,164,23321,161,158,165,159,32,33,156,5871,163,162],"class_list":{"0":"post-150134","1":"post","2":"type-post","3":"status-publish","4":"format-standard","5":"has-post-thumbnail","7":"category-celebridades","8":"tag-amor","9":"tag-ana-guiomar","10":"tag-aniversario","11":"tag-celebridades","12":"tag-celebrities","13":"tag-cristina-ferreira","14":"tag-entertainment","15":"tag-entretenimento","16":"tag-familia","17":"tag-festa-e-festa","18":"tag-ficcao","19":"tag-jose-fidalgo","20":"tag-lowe","21":"tag-novelas","22":"tag-para-sempre","23":"tag-pedro-sousa","24":"tag-pedro-teixeira","25":"tag-portugal","26":"tag-pt","27":"tag-queridos-papas","28":"tag-rita-pereira","29":"tag-tiago-teotonio-pereira","30":"tag-tvi"},"share_on_mastodon":{"url":"https:\/\/pubeurope.com\/@pt\/115540104554805522","error":""},"_links":{"self":[{"href":"https:\/\/www.europesays.com\/pt\/wp-json\/wp\/v2\/posts\/150134","targetHints":{"allow":["GET"]}}],"collection":[{"href":"https:\/\/www.europesays.com\/pt\/wp-json\/wp\/v2\/posts"}],"about":[{"href":"https:\/\/www.europesays.com\/pt\/wp-json\/wp\/v2\/types\/post"}],"author":[{"embeddable":true,"href":"https:\/\/www.europesays.com\/pt\/wp-json\/wp\/v2\/users\/2"}],"replies":[{"embeddable":true,"href":"https:\/\/www.europesays.com\/pt\/wp-json\/wp\/v2\/comments?post=150134"}],"version-history":[{"count":0,"href":"https:\/\/www.europesays.com\/pt\/wp-json\/wp\/v2\/posts\/150134\/revisions"}],"wp:featuredmedia":[{"embeddable":true,"href":"https:\/\/www.europesays.com\/pt\/wp-json\/wp\/v2\/media\/150135"}],"wp:attachment":[{"href":"https:\/\/www.europesays.com\/pt\/wp-json\/wp\/v2\/media?parent=150134"}],"wp:term":[{"taxonomy":"category","embeddable":true,"href":"https:\/\/www.europesays.com\/pt\/wp-json\/wp\/v2\/categories?post=150134"},{"taxonomy":"post_tag","embeddable":true,"href":"https:\/\/www.europesays.com\/pt\/wp-json\/wp\/v2\/tags?post=150134"}],"curies":[{"name":"wp","href":"https:\/\/api.w.org\/{rel}","templated":true}]}}