{"id":150136,"date":"2025-11-13T02:49:22","date_gmt":"2025-11-13T02:49:22","guid":{"rendered":"https:\/\/www.europesays.com\/pt\/150136\/"},"modified":"2025-11-13T02:49:22","modified_gmt":"2025-11-13T02:49:22","slug":"afinal-quem-e-a-mulher-com-quem-daniel-gregorio-tera-traido-liliana-filipa-identidade-revelada-secret-story","status":"publish","type":"post","link":"https:\/\/www.europesays.com\/pt\/150136\/","title":{"rendered":"Afinal, quem \u00e9 a mulher com quem Daniel Greg\u00f3rio ter\u00e1 tra\u00eddo Liliana Filipa? Identidade revelada! &#8211; Secret Story"},"content":{"rendered":"<p>Tem sido a not\u00edcia do momento: Daniel Greg\u00f3rio ter\u00e1 tra\u00eddo alegadamente Liliana Filipa ao ser apanhado aos beijos com uma mulher numa discoteca. Segundo fontes pr\u00f3ximas, a influencer digital ter\u00e1 posto fim ao noivado e rela\u00e7\u00e3o de tantos anos por conta deste acontecimento.\u00a0<\/p>\n<p>Mas afinal, quem \u00e9 a mulher por tr\u00e1s desta alegada trai\u00e7\u00e3o? A tar\u00f3loga Maya, comentadora do programa &#8216;Noite das Estrelas&#8217;, da CMTV, revelou a identidade desta mulher mist\u00e9rio e contou detalhes sobre a mesma que at\u00e9 \u00e0 data ainda n\u00e3o tinham sido conhecidos.\u00a0<\/p>\n<p>\u00abO Daniel (Greg\u00f3rio) foi assistir ao MotoGP com o irm\u00e3o e, depois, \u00e0 noite, encontrou esta senhora, esta mulher portuguesa. Eu insisto em dizer que \u00e9 portuguesa porque no &#8216;Manh\u00e3 CM&#8217; disseram que era estrangeira e n\u00e3o \u00e9. Ela chama-se Raquel, n\u00e3o vou dizer o apelido, o v\u00eddeo chegou at\u00e9 ao Correio da Manh\u00e3 e a bomba rebentou\u00bb, disse.\u00a0<\/p>\n<p>Alegada separa\u00e7\u00e3o\u00a0 &#8216;cai como bomba&#8217; <\/p>\n<p>A not\u00edcia caiu como uma bomba nas reda\u00e7\u00f5es. Liliana Filipa e Daniel Greg\u00f3rio estar\u00e3o separados. A informa\u00e7\u00e3o ainda n\u00e3o foi confirmada oficialmente, mas uma fonte pr\u00f3xima relatou que a influencer est\u00e1 muito abalada, ap\u00f3s a suposta separa\u00e7\u00e3o.<\/p>\n<p>\u00c9 que um canal de televis\u00e3o revelou imagens chocantes, de uma alegada trai\u00e7\u00e3o de Daniel Greg\u00f3rio. O referido v\u00eddeo ter\u00e1 sido captado no Algarve recentemente e, alegadamente, mostra o ex-concorrente muito pr\u00f3ximo de outra mulher.<\/p>\n<p>Recorde-se que Liliana Filipa e Daniel Greg\u00f3rio estavam noivos. Os dois ex-concorrentes estavam juntos j\u00e1 h\u00e1 11 anos. T\u00eam dois filhos em comum e estavam, tamb\u00e9m, a construir o lar dos sonhos.<\/p>\n<p>At\u00e9 ao momento, tanto Liliana Filipa como Daniel Greg\u00f3rio permanecem em sil\u00eancio e ainda n\u00e3o negaram as not\u00edcias.\u00a0 Contudo, Daniel Greg\u00f3rio ter\u00e1 garantido a um comentador social que ele e a mulher do v\u00eddeo est\u00e3o apenas a falar ao ouvido um do outro.<\/p>\n<p><strong>Recados enigm\u00e1ticos<\/strong> <\/p>\n<p>Depois dos rumores, Liliana Filipa quebrou o sil\u00eancio ao fazer<a href=\"https:\/\/www.instagram.com\/p\/DQ37856DNcn\/?hl=pt&amp;img_index=14\" rel=\"nofollow noopener\" target=\"_blank\">\u00a0um post de Instagram com um update nas obras da sua casa de sonho<\/a>,\u00a0uma moradia de luxo que est\u00e1 a construir com Daniel Greg\u00f3rio.\u00a0<\/p>\n<p>Liliana Filipa publicou imagens da obra, assim como de alguns materiais que est\u00e1 a usar na decora\u00e7\u00e3o: \u00abApaixonada pelo processo de construir e decorar a minha casa de sonhos\u00bb. Para al\u00e9m disso, deixou tamb\u00e9m recados em pacotes de a\u00e7\u00facar.<\/p>\n<blockquote class=\"instagram-media\" data-instgrm-captioned=\"\" data-instgrm-permalink=\"https:\/\/www.instagram.com\/p\/DQ37856DNcn\/?utm_source=ig_embed&amp;utm_campaign=loading\" data-instgrm-version=\"14\" style=\" background:#FFF; border:0; border-radius:3px; box-shadow:0 0 1px 0 rgba(0,0,0,0.5),0 1px 10px 0 rgba(0,0,0,0.15); margin: 1px; max-width:540px; min-width:326px; padding:0; width:99.375%; width:-webkit-calc(100% - 2px); width:calc(100% - 2px);\">\n<\/blockquote>\n<p>\u00a0<\/p>\n<p>\u00a0\u00abA vida \u00e9 10% o que acontece e 90% como reages\u00bb e \u00abH\u00e1 ladr\u00f5es que ficam impunes, mas que roubam o que h\u00e1 de mais precioso: o tempo\u00bb, l\u00ea-se nos pacotes de a\u00e7\u00facar partilhados por Liliana Filipa.\u00a0<\/p>\n<p>Percorra a galeria de fotografias que prepar\u00e1mos para si com as imagens partilhadas por Liliana Filipa.\u00a0<\/p>\n<p>\u00a0<\/p>\n<p><strong>\u00a0VEJA AQUI<\/strong>:\u00a0<a href=\"https:\/\/tvi.iol.pt\/secretstory\/fotos\/ainda-se-lembra-de-como-comecou-o-namoro-de-liliana-filipa-e-daniel-gregorio-uma-historia-de-amor-com-mais-de-10-anos-contada-em-imagens\/67cedfeed34e3f0bae9b6e88\" rel=\"nofollow noopener\" target=\"_blank\">Ainda se lembra de como come\u00e7ou o namoro de Liliana Filipa e Daniel Greg\u00f3rio? Uma hist\u00f3ria de amor com mais de 10 anos contada em imagens\u00a0<\/a>\u00a0<\/p>\n<p>\u00a0<\/p>\n<p>\u00a0<\/p>\n<p>\u00a0<\/p>\n<p>                        <script async src=\"\/\/www.instagram.com\/embed.js\"><\/script><\/p>\n","protected":false},"excerpt":{"rendered":"Tem sido a not\u00edcia do momento: Daniel Greg\u00f3rio ter\u00e1 tra\u00eddo alegadamente Liliana Filipa ao ser apanhado aos beijos&hellip;\n","protected":false},"author":2,"featured_media":99139,"comment_status":"","ping_status":"","sticky":false,"template":"","format":"standard","meta":{"footnotes":""},"categories":[142],"tags":[18706,9679,114,115,18705,3436,32,33,151,18704],"class_list":{"0":"post-150136","1":"post","2":"type-post","3":"status-publish","4":"format-standard","5":"has-post-thumbnail","7":"category-tv","8":"tag-bastidores-secret-story","9":"tag-daniel-gregorio","10":"tag-entertainment","11":"tag-entretenimento","12":"tag-entrevistas-concorrentes-tvi","13":"tag-liliana-filipa","14":"tag-portugal","15":"tag-pt","16":"tag-tv","17":"tag-vida-fora-da-casa"},"share_on_mastodon":{"url":"https:\/\/pubeurope.com\/@pt\/115540116277626451","error":""},"_links":{"self":[{"href":"https:\/\/www.europesays.com\/pt\/wp-json\/wp\/v2\/posts\/150136","targetHints":{"allow":["GET"]}}],"collection":[{"href":"https:\/\/www.europesays.com\/pt\/wp-json\/wp\/v2\/posts"}],"about":[{"href":"https:\/\/www.europesays.com\/pt\/wp-json\/wp\/v2\/types\/post"}],"author":[{"embeddable":true,"href":"https:\/\/www.europesays.com\/pt\/wp-json\/wp\/v2\/users\/2"}],"replies":[{"embeddable":true,"href":"https:\/\/www.europesays.com\/pt\/wp-json\/wp\/v2\/comments?post=150136"}],"version-history":[{"count":0,"href":"https:\/\/www.europesays.com\/pt\/wp-json\/wp\/v2\/posts\/150136\/revisions"}],"wp:featuredmedia":[{"embeddable":true,"href":"https:\/\/www.europesays.com\/pt\/wp-json\/wp\/v2\/media\/99139"}],"wp:attachment":[{"href":"https:\/\/www.europesays.com\/pt\/wp-json\/wp\/v2\/media?parent=150136"}],"wp:term":[{"taxonomy":"category","embeddable":true,"href":"https:\/\/www.europesays.com\/pt\/wp-json\/wp\/v2\/categories?post=150136"},{"taxonomy":"post_tag","embeddable":true,"href":"https:\/\/www.europesays.com\/pt\/wp-json\/wp\/v2\/tags?post=150136"}],"curies":[{"name":"wp","href":"https:\/\/api.w.org\/{rel}","templated":true}]}}