{"id":150140,"date":"2025-11-13T03:02:50","date_gmt":"2025-11-13T03:02:50","guid":{"rendered":"https:\/\/www.europesays.com\/pt\/150140\/"},"modified":"2025-11-13T03:02:50","modified_gmt":"2025-11-13T03:02:50","slug":"banco-de-portugal-avisa-e-melhor-ter-dinheiro-em-casa-e-ha-um-valor-recomendado","status":"publish","type":"post","link":"https:\/\/www.europesays.com\/pt\/150140\/","title":{"rendered":"Banco de Portugal avisa: \u00e9 melhor ter dinheiro em casa (e h\u00e1 um valor recomendado)"},"content":{"rendered":"<p>Em tempos de imprevistos, ter algum dinheiro \u00e0 m\u00e3o pode poupar muitas dores de cabe\u00e7a. O Banco de Portugal alerta que deves manter uma pequena reserva de notas em casa para situa\u00e7\u00f5es de emerg\u00eancia.\n<\/p>\n<p>No mais recente <a href=\"https:\/\/www.bportugal.pt\/sites\/default\/files\/documents\/2025-10\/boletim_notas_e_moedas_2025.pdf\" target=\"_blank\" rel=\"nofollow noopener\">Boletim Notas e Moedas<\/a>, o Banco de Portugal sublinha que muitos consumidores fizeram levantamentos extraordin\u00e1rios nos dias seguintes ao apag\u00e3o: &#8220;<strong>Tanto o n\u00famero de opera\u00e7\u00f5es como o valor levantado cresceram, sinal de que muitos consumidores ter\u00e3o realizado levantamentos extraordin\u00e1rios, em parte para compensar os que ficaram por efetuar no dia do apag\u00e3o, por indisponibilidade de grande parte dos caixas autom\u00e1ticos<\/strong>&#8220;.<\/p>\n<p>Al\u00e9m do dinheiro, \u00e9 importante que <a href=\"https:\/\/rfm.pt\/atualidade\/20116\/a-uniao-europeia-apresentou-um-kit-de-emergencia-estas-preparado-para-qualquer-cenario\" target=\"_blank\" rel=\"nofollow noopener\">cada fam\u00edlia esteja preparada para emerg\u00eancias<\/a>, com reservas b\u00e1sicas suficientes para tr\u00eas dias.<\/p>\n","protected":false},"excerpt":{"rendered":"Em tempos de imprevistos, ter algum dinheiro \u00e0 m\u00e3o pode poupar muitas dores de cabe\u00e7a. O Banco de&hellip;\n","protected":false},"author":2,"featured_media":150141,"comment_status":"","ping_status":"","sticky":false,"template":"","format":"standard","meta":{"footnotes":""},"categories":[83],"tags":[783,778,779,774,764,88,769,767,772,89,782,90,784,222,771,773,149,768,777,32,33,766,781,765,763,775,780,776,770],"class_list":{"0":"post-150140","1":"post","2":"type-post","3":"status-publish","4":"format-standard","5":"has-post-thumbnail","7":"category-empresas","8":"tag-6pm","9":"tag-80s-rfm","10":"tag-80srfm","11":"tag-90s","12":"tag-bruno-mars","13":"tag-business","14":"tag-cafe-da-manha","15":"tag-comedia","16":"tag-dance-it","17":"tag-economy","18":"tag-emissao-online","19":"tag-empresas","20":"tag-fridayboyz","21":"tag-humor","22":"tag-jazzy","23":"tag-latinas","24":"tag-music","25":"tag-nilton","26":"tag-oceano-pacifico","27":"tag-portugal","28":"tag-pt","29":"tag-radio","30":"tag-radio-online","31":"tag-rfm","32":"tag-rock-in-rio","33":"tag-rocks","34":"tag-somnii","35":"tag-toca-portugal","36":"tag-top-25"},"share_on_mastodon":{"url":"https:\/\/pubeurope.com\/@pt\/115540171785718803","error":""},"_links":{"self":[{"href":"https:\/\/www.europesays.com\/pt\/wp-json\/wp\/v2\/posts\/150140","targetHints":{"allow":["GET"]}}],"collection":[{"href":"https:\/\/www.europesays.com\/pt\/wp-json\/wp\/v2\/posts"}],"about":[{"href":"https:\/\/www.europesays.com\/pt\/wp-json\/wp\/v2\/types\/post"}],"author":[{"embeddable":true,"href":"https:\/\/www.europesays.com\/pt\/wp-json\/wp\/v2\/users\/2"}],"replies":[{"embeddable":true,"href":"https:\/\/www.europesays.com\/pt\/wp-json\/wp\/v2\/comments?post=150140"}],"version-history":[{"count":0,"href":"https:\/\/www.europesays.com\/pt\/wp-json\/wp\/v2\/posts\/150140\/revisions"}],"wp:featuredmedia":[{"embeddable":true,"href":"https:\/\/www.europesays.com\/pt\/wp-json\/wp\/v2\/media\/150141"}],"wp:attachment":[{"href":"https:\/\/www.europesays.com\/pt\/wp-json\/wp\/v2\/media?parent=150140"}],"wp:term":[{"taxonomy":"category","embeddable":true,"href":"https:\/\/www.europesays.com\/pt\/wp-json\/wp\/v2\/categories?post=150140"},{"taxonomy":"post_tag","embeddable":true,"href":"https:\/\/www.europesays.com\/pt\/wp-json\/wp\/v2\/tags?post=150140"}],"curies":[{"name":"wp","href":"https:\/\/api.w.org\/{rel}","templated":true}]}}