{"id":150146,"date":"2025-11-13T03:05:10","date_gmt":"2025-11-13T03:05:10","guid":{"rendered":"https:\/\/www.europesays.com\/pt\/150146\/"},"modified":"2025-11-13T03:05:10","modified_gmt":"2025-11-13T03:05:10","slug":"virginia-brinca-sobre-pressao-pelo-hexa-e-quer-vini-com-neymar-na-copa","status":"publish","type":"post","link":"https:\/\/www.europesays.com\/pt\/150146\/","title":{"rendered":"Virg\u00ednia brinca sobre press\u00e3o pelo hexa e quer Vini com Neymar na Copa"},"content":{"rendered":"<p class=\"bullet mt-0\" data-v-232111b4=\"\">Virg\u00ednia Fonseca, influenciadora e namorada de Vini Jr, brincou sobre a &#8220;responsabilidade&#8221; de trazer o hexacampeonato \u00e0 sele\u00e7\u00e3o brasileira na Copa do Mundo do ano que vem. Nas redes sociais, f\u00e3s brincaram ao dizer que ela seria quem traria o t\u00edtulo ap\u00f3s Vini Jr. assumir o namoro.<\/p>\n<p class=\"bullet\" data-v-232111b4=\"\">[Press\u00e3o] Aumenta muito. Eu fui entrar no Teleton e o Tiago Leifert simplesmente: &#8216;que responsabilidade&#8217;. E eu respondi que era muita, pensando que ele falava do Teleton. Ele respondeu: &#8216;n\u00e3o, o hexa, que est\u00e1 nas suas m\u00e3os&#8217;. Falei para ele nunca mais falar isso. <strong>Virg\u00ednia, durante Leil\u00e3o Gal\u00e1cticos, organizado por Ronaldo<\/strong><\/p>\n<p>Ataque com Vini e Neymar<\/p>\n<p class=\"bullet\" data-v-232111b4=\"\"><strong>Virg\u00ednia espera ver um ataque formado por Vini Jr. e Neymar na sele\u00e7\u00e3o brasileira<\/strong>. O primeiro tem vaga praticamente garantida, mas o segundo ainda espera por um espa\u00e7o com Carlo Ancelotti enquanto convive com les\u00f5es.<\/p>\n","protected":false},"excerpt":{"rendered":"Virg\u00ednia Fonseca, influenciadora e namorada de Vini Jr, brincou sobre a &#8220;responsabilidade&#8221; de trazer o hexacampeonato \u00e0 sele\u00e7\u00e3o&hellip;\n","protected":false},"author":2,"featured_media":150147,"comment_status":"","ping_status":"","sticky":false,"template":"","format":"standard","meta":{"footnotes":""},"categories":[145],"tags":[211,210,114,115,32,33],"class_list":{"0":"post-150146","1":"post","2":"type-post","3":"status-publish","4":"format-standard","5":"has-post-thumbnail","7":"category-celebridades","8":"tag-celebridades","9":"tag-celebrities","10":"tag-entertainment","11":"tag-entretenimento","12":"tag-portugal","13":"tag-pt"},"share_on_mastodon":{"url":"https:\/\/pubeurope.com\/@pt\/115540179206524653","error":""},"_links":{"self":[{"href":"https:\/\/www.europesays.com\/pt\/wp-json\/wp\/v2\/posts\/150146","targetHints":{"allow":["GET"]}}],"collection":[{"href":"https:\/\/www.europesays.com\/pt\/wp-json\/wp\/v2\/posts"}],"about":[{"href":"https:\/\/www.europesays.com\/pt\/wp-json\/wp\/v2\/types\/post"}],"author":[{"embeddable":true,"href":"https:\/\/www.europesays.com\/pt\/wp-json\/wp\/v2\/users\/2"}],"replies":[{"embeddable":true,"href":"https:\/\/www.europesays.com\/pt\/wp-json\/wp\/v2\/comments?post=150146"}],"version-history":[{"count":0,"href":"https:\/\/www.europesays.com\/pt\/wp-json\/wp\/v2\/posts\/150146\/revisions"}],"wp:featuredmedia":[{"embeddable":true,"href":"https:\/\/www.europesays.com\/pt\/wp-json\/wp\/v2\/media\/150147"}],"wp:attachment":[{"href":"https:\/\/www.europesays.com\/pt\/wp-json\/wp\/v2\/media?parent=150146"}],"wp:term":[{"taxonomy":"category","embeddable":true,"href":"https:\/\/www.europesays.com\/pt\/wp-json\/wp\/v2\/categories?post=150146"},{"taxonomy":"post_tag","embeddable":true,"href":"https:\/\/www.europesays.com\/pt\/wp-json\/wp\/v2\/tags?post=150146"}],"curies":[{"name":"wp","href":"https:\/\/api.w.org\/{rel}","templated":true}]}}