{"id":150152,"date":"2025-11-13T03:11:13","date_gmt":"2025-11-13T03:11:13","guid":{"rendered":"https:\/\/www.europesays.com\/pt\/150152\/"},"modified":"2025-11-13T03:11:13","modified_gmt":"2025-11-13T03:11:13","slug":"incrivel-adepto-do-monaco-bate-recorde-de-camisolas-colecionadas","status":"publish","type":"post","link":"https:\/\/www.europesays.com\/pt\/150152\/","title":{"rendered":"INCR\u00cdVEL: adepto do M\u00f3naco bate recorde de camisolas colecionadas"},"content":{"rendered":"<p style=\"margin-bottom:11px\">De Falcao a Jo\u00e3o Moutinho, de Mbapp\u00e9 a Henry, e sem esquecer Trezeguet, h\u00e1 camisolas para todos os gostos. Afinal, \u00e9 uma cole\u00e7\u00e3o enriquecida com aut\u00eanticas pe\u00e7as de museu, partes da hist\u00f3ria do M\u00f3naco desde 1950. No centro desta hist\u00f3ria est\u00e1 o adepto Julien Bouron, dono da invej\u00e1vel cole\u00e7\u00e3o de 1146 camisolas.<\/p>\n<p>Natural da regi\u00e3o da Borgonha, apaixonou-se pelos monegascos em mar\u00e7o de 2000, aquando de um jogo com o Auxerre. Neste percurso de 25 anos, investiu e, agora, ostenta o recorde de maior cole\u00e7\u00e3o, superando o registo de um adepto su\u00ed\u00e7o do Liverpool.<\/p>\n<blockquote class=\"twitter-tweet\">\n<p lang=\"fr\">Julien Bouron a r\u00e9uni 1146 maillots port\u00e9s ou pr\u00e9par\u00e9s de l\u2019AS Monaco, un record retra\u00e7ant l\u2019histoire du club depuis les ann\u00e9es 1950 jusqu\u2019\u00e0 aujourd\u2019hui \ud83c\uddf2\ud83c\udde8 <a href=\"https:\/\/t.co\/Qwl8Gyg9am\" rel=\"nofollow\">pic.twitter.com\/Qwl8Gyg9am<\/a><\/p>\n<p> \u2014 AS Monaco \ud83c\uddf2\ud83c\udde8 (@AS_Monaco)<br \/>\n  <a href=\"https:\/\/twitter.com\/AS_Monaco\/status\/1988562430000066916?ref_src=twsrc%5Etfw\" rel=\"nofollow noopener\" target=\"_blank\">November 12, 2025<\/a>\n <\/p><\/blockquote>\n<p>                                <script async src=\"https:\/\/platform.twitter.com\/widgets.js\" charset=\"utf-8\"><\/script><\/p>\n","protected":false},"excerpt":{"rendered":"De Falcao a Jo\u00e3o Moutinho, de Mbapp\u00e9 a Henry, e sem esquecer Trezeguet, h\u00e1 camisolas para todos os&hellip;\n","protected":false},"author":2,"featured_media":150153,"comment_status":"","ping_status":"","sticky":false,"template":"","format":"standard","meta":{"footnotes":""},"categories":[87],"tags":[135,208,4238,82,46,4765,32,33,47,3720,134],"class_list":{"0":"post-150152","1":"post","2":"type-post","3":"status-publish","4":"format-standard","5":"has-post-thumbnail","7":"category-desporto","8":"tag-desporto","9":"tag-franca","10":"tag-incrivel","11":"tag-internacional","12":"tag-maisfutebol","13":"tag-monaco","14":"tag-portugal","15":"tag-pt","16":"tag-pura-paixao","17":"tag-recorde","18":"tag-sports"},"share_on_mastodon":{"url":"","error":""},"_links":{"self":[{"href":"https:\/\/www.europesays.com\/pt\/wp-json\/wp\/v2\/posts\/150152","targetHints":{"allow":["GET"]}}],"collection":[{"href":"https:\/\/www.europesays.com\/pt\/wp-json\/wp\/v2\/posts"}],"about":[{"href":"https:\/\/www.europesays.com\/pt\/wp-json\/wp\/v2\/types\/post"}],"author":[{"embeddable":true,"href":"https:\/\/www.europesays.com\/pt\/wp-json\/wp\/v2\/users\/2"}],"replies":[{"embeddable":true,"href":"https:\/\/www.europesays.com\/pt\/wp-json\/wp\/v2\/comments?post=150152"}],"version-history":[{"count":0,"href":"https:\/\/www.europesays.com\/pt\/wp-json\/wp\/v2\/posts\/150152\/revisions"}],"wp:featuredmedia":[{"embeddable":true,"href":"https:\/\/www.europesays.com\/pt\/wp-json\/wp\/v2\/media\/150153"}],"wp:attachment":[{"href":"https:\/\/www.europesays.com\/pt\/wp-json\/wp\/v2\/media?parent=150152"}],"wp:term":[{"taxonomy":"category","embeddable":true,"href":"https:\/\/www.europesays.com\/pt\/wp-json\/wp\/v2\/categories?post=150152"},{"taxonomy":"post_tag","embeddable":true,"href":"https:\/\/www.europesays.com\/pt\/wp-json\/wp\/v2\/tags?post=150152"}],"curies":[{"name":"wp","href":"https:\/\/api.w.org\/{rel}","templated":true}]}}