{"id":150158,"date":"2025-11-13T03:16:38","date_gmt":"2025-11-13T03:16:38","guid":{"rendered":"https:\/\/www.europesays.com\/pt\/150158\/"},"modified":"2025-11-13T03:16:38","modified_gmt":"2025-11-13T03:16:38","slug":"carlo-acutis-chega-a-cassia-uma-exposicao-na-basilica-de-santa-rita","status":"publish","type":"post","link":"https:\/\/www.europesays.com\/pt\/150158\/","title":{"rendered":"Carlo Acutis chega a C\u00e1ssia, uma exposi\u00e7\u00e3o na Bas\u00edlica de Santa Rita"},"content":{"rendered":"<p>Desde de 8 de novembro, est\u00e1 aberta na Bas\u00edlica inferior em C\u00e1ssia &#8211; na regi\u00e3o italiana da \u00dambria \u2013 a exposi\u00e7\u00e3o \u201cCaminhos Eucar\u00edsticos. Milagre! O c\u00e9u na terra\u201d, inteiramente dedicada ao jovem santo da era digital ap\u00f3s sua canoniza\u00e7\u00e3o. A iniciativa celebra sua paix\u00e3o pela tecnologia e seu amor pela Eucaristia<\/p>\n<p><b>Vatican News<\/b><\/p>\n<p>Desde o dia 8 de novembro, a Bas\u00edlica inferior de Santa Rita de C\u00e1ssia &#8211; em C\u00e1ssia, na regi\u00e3o italiana da \u00dambria &#8211; acolhe a exposi\u00e7\u00e3o &#8220;Caminhos Eucar\u00edsticos. Milagre! O c\u00e9u na terra&#8221;, a primeira exposi\u00e7\u00e3o inteiramente dedicada a S\u00e3o Carlo Acutis desde a sua canoniza\u00e7\u00e3o. A iniciativa celebra o jovem santo da era digital que, com a sua paix\u00e3o pela tecnologia e o seu amor pela Eucaristia, levou a f\u00e9 ao mundo contempor\u00e2neo.<\/p>\n<p>Um projeto que nasceu do cora\u00e7\u00e3o de um jovem <\/p>\n<p>A exposi\u00e7\u00e3o narra o projeto de evangeliza\u00e7\u00e3o idealizado por Carlo, que decidiu recolher e documentar os milagres eucar\u00edsticos reconhecidos no mundo inteiro. Com habilidade e amor, ele criou pessoalmente um website multilingue \u2014 agora traduzido para 18 l\u00ednguas \u2014 com o objetivo de &#8220;tornar a Eucaristia conhecida ao maior n\u00famero poss\u00edvel de pessoas&#8221;. Uma obra simples, mas poderosa, que continua a difundir o seu testemunho de f\u00e9 at\u00e9 hoje.<\/p>\n<p>Um percurso entre arte, f\u00e9 e tecnologia <\/p>\n<p>     <a href=\"https:\/\/www.vaticannews.va\/pt\/igreja\/news\/2025-09\/historia-em-quadrinhos-carlo-acutis-entregue-a-mae-brasil-2025.html\" title=\"Hist\u00f3ria em quadrinhos sobre Acutis feita no Brasil: \u201csuper-her\u00f3i da f\u00e9\u201d, diz m\u00e3e do santo\" rel=\"nofollow noopener\" target=\"_blank\"><\/p>\n<p>        <img decoding=\"async\" src=\"data:image\/gif;base64,R0lGODlhAQABAIAAAAAAAP\/\/\/yH5BAEAAAAALAAAAAABAAEAAAIBRAA7\" data-original=\"https:\/\/www.vaticannews.va\/content\/dam\/vaticannews\/multimedia\/2025\/settembre\/16\/MBC_Equipe-e-Antonia-Salzano.jpg\/_jcr_content\/renditions\/cq5dam.thumbnail.cropped.500.281.jpeg\" alt=\"Hist\u00f3ria em quadrinhos sobre Acutis feita no Brasil: \u201csuper-her\u00f3i da f\u00e9\u201d, diz m\u00e3e do santo\"\/><\/p>\n<p>      <\/a><\/p>\n<p>\n      A publica\u00e7\u00e3o da editora Minha Biblioteca Cat\u00f3lica, uma obra in\u00e9dita em formato de hist\u00f3ria em quadrinhos sobre a vida do novo santo, foi entregue \u00e0 m\u00e3e de Carlo, Antonia Salzano, &#8230;\n     <\/p>\n<p>\u00a0<\/p>\n<p>Com curadoria do designer Eraldo Marini, a exposi\u00e7\u00e3o consiste em 24 pain\u00e9is dourados dispostos ao longo dos corredores da Bas\u00edlica inferior. Cada painel narra um milagre eucar\u00edstico, ilustrando sua hist\u00f3ria e localiza\u00e7\u00e3o no mundo, enquanto c\u00f3digos QR permitem que os visitantes acessem conte\u00fado digital original criado por Carlo. A exposi\u00e7\u00e3o \u00e9 enriquecida por quatro colunas c\u00eanicas que guiam o olhar para o cora\u00e7\u00e3o do percurso: o relic\u00e1rio dourado que cont\u00e9m uma rel\u00edquia de Acutis, um fragmento de seu pulm\u00e3o, s\u00edmbolo de seu amor por Deus e da oferta de sua vida.<\/p>\n<p>S\u00e3o Carlo e Santa Rita, duas testemunhas da f\u00e9 <\/p>\n<p>O encontro entre S\u00e3o Carlo Acutis e Santa Rita assume um poderoso significado simb\u00f3lico e espiritual. Ambos, em \u00e9pocas diferentes, viveram sua f\u00e9 como um dom e testemunho de amor: Carlo com a linguagem dos jovens e da internet, Rita com o poder silencioso do perd\u00e3o e da esperan\u00e7a. Hoje, na Bas\u00edlica que conserva seu corpo, Santa Rita acolhe o jovem santo da internet em um di\u00e1logo imagin\u00e1rio entre duas vidas que continuam a inspirar milh\u00f5es de fi\u00e9is ao redor do mundo.<\/p>\n<p>Uma exposi\u00e7\u00e3o que \u00e9 tamb\u00e9m um convite \u00e0 ora\u00e7\u00e3o <\/p>\n<p>&#8220;Caminhos Eucar\u00edsticos. Milagre! O c\u00e9u na terra&#8221; n\u00e3o \u00e9 apenas uma exposi\u00e7\u00e3o art\u00edstica, mas um convite \u00e0 reflex\u00e3o e \u00e0 ora\u00e7\u00e3o. Atrav\u00e9s de imagens, palavras e tecnologia, os visitantes s\u00e3o acompanhados numa viagem espiritual para descobrir a presen\u00e7a viva de Deus no mundo. Uma experi\u00eancia que une arte, f\u00e9 e contemporaneidade, no esp\u00edrito de dois santos que fizeram do amor a Cristo o centro das suas vidas.<\/p>\n","protected":false},"excerpt":{"rendered":"Desde de 8 de novembro, est\u00e1 aberta na Bas\u00edlica inferior em C\u00e1ssia &#8211; na regi\u00e3o italiana da \u00dambria&hellip;\n","protected":false},"author":2,"featured_media":150159,"comment_status":"","ping_status":"","sticky":false,"template":"","format":"standard","meta":{"footnotes":""},"categories":[50],"tags":[27,28,17226,698,15,16,14,545,233,25,26,21,22,62,12,13,19,20,23,24,10353,17714,17,18,29,30,31,63,64,65],"class_list":{"0":"post-150158","1":"post","2":"type-post","3":"status-publish","4":"format-standard","5":"has-post-thumbnail","7":"category-mundo","8":"tag-breaking-news","9":"tag-breakingnews","10":"tag-eucaristia","11":"tag-exposicao","12":"tag-featured-news","13":"tag-featurednews","14":"tag-headlines","15":"tag-igreja-catolica","16":"tag-italia","17":"tag-latest-news","18":"tag-latestnews","19":"tag-main-news","20":"tag-mainnews","21":"tag-mundo","22":"tag-news","23":"tag-noticias","24":"tag-noticias-principais","25":"tag-noticiasprincipais","26":"tag-principais-noticias","27":"tag-principaisnoticias","28":"tag-santos-e-beatos","29":"tag-testemunhas-da-fe","30":"tag-top-stories","31":"tag-topstories","32":"tag-ultimas","33":"tag-ultimas-noticias","34":"tag-ultimasnoticias","35":"tag-world","36":"tag-world-news","37":"tag-worldnews"},"share_on_mastodon":{"url":"https:\/\/pubeurope.com\/@pt\/115540222558517749","error":""},"_links":{"self":[{"href":"https:\/\/www.europesays.com\/pt\/wp-json\/wp\/v2\/posts\/150158","targetHints":{"allow":["GET"]}}],"collection":[{"href":"https:\/\/www.europesays.com\/pt\/wp-json\/wp\/v2\/posts"}],"about":[{"href":"https:\/\/www.europesays.com\/pt\/wp-json\/wp\/v2\/types\/post"}],"author":[{"embeddable":true,"href":"https:\/\/www.europesays.com\/pt\/wp-json\/wp\/v2\/users\/2"}],"replies":[{"embeddable":true,"href":"https:\/\/www.europesays.com\/pt\/wp-json\/wp\/v2\/comments?post=150158"}],"version-history":[{"count":0,"href":"https:\/\/www.europesays.com\/pt\/wp-json\/wp\/v2\/posts\/150158\/revisions"}],"wp:featuredmedia":[{"embeddable":true,"href":"https:\/\/www.europesays.com\/pt\/wp-json\/wp\/v2\/media\/150159"}],"wp:attachment":[{"href":"https:\/\/www.europesays.com\/pt\/wp-json\/wp\/v2\/media?parent=150158"}],"wp:term":[{"taxonomy":"category","embeddable":true,"href":"https:\/\/www.europesays.com\/pt\/wp-json\/wp\/v2\/categories?post=150158"},{"taxonomy":"post_tag","embeddable":true,"href":"https:\/\/www.europesays.com\/pt\/wp-json\/wp\/v2\/tags?post=150158"}],"curies":[{"name":"wp","href":"https:\/\/api.w.org\/{rel}","templated":true}]}}