{"id":150182,"date":"2025-11-13T03:47:06","date_gmt":"2025-11-13T03:47:06","guid":{"rendered":"https:\/\/www.europesays.com\/pt\/150182\/"},"modified":"2025-11-13T03:47:06","modified_gmt":"2025-11-13T03:47:06","slug":"mundial-sub-17-portugal-defronta-belgica-nos-16-avos-de-final","status":"publish","type":"post","link":"https:\/\/www.europesays.com\/pt\/150182\/","title":{"rendered":"Mundial sub-17: Portugal defronta B\u00e9lgica nos 16 avos de final"},"content":{"rendered":"<p>Portugal vai medir for\u00e7as com a B\u00e9lgica nos 16 avos de final do Campeonato do Mundo de sub-17.<\/p>\n<p>Ap\u00f3s ter terminado o Grupo B na segunda posi\u00e7\u00e3o com seis pontos e <a href=\"https:\/\/maisfutebol.iol.pt\/mundial-sub-17\/portugal\/mundial-sub-17-portugal-deixa-fugir-primeiro-lugar-com-derrota-frente-ao-japao\" target=\"_blank\" rel=\"nofollow noopener\">apenas atr\u00e1s do Jap\u00e3o (sete pontos)<\/a>, a Sele\u00e7\u00e3o Nacional j\u00e1 conhece o advers\u00e1rio da pr\u00f3xima fase da prova. Os belgas fecharam a fase de grupos no segundo lugar do Grupo D, com os mesmos seis pontos de Portugal.<\/p>\n<p>O encontro ir\u00e1 realizar-se na sexta-feira ou no s\u00e1bado, com o hor\u00e1rio ainda a designar, no Complexo Desportivo de Doha, no Qatar. Recorde-se que esta \u00e9 a primeira vez que o Mundial de sub-17 \u00e9 discutido por 48 equipas, tendo passado a integrar a fase dos \u00aboitavos\u00bb. Portugal terminou como o quarto melhor segundo classificado.<\/p>\n<p>A competi\u00e7\u00e3o decorre at\u00e9 27 de novembro e a final ir\u00e1 disputar-se no Est\u00e1dio Internacional Khalifa.<\/p>\n","protected":false},"excerpt":{"rendered":"Portugal vai medir for\u00e7as com a B\u00e9lgica nos 16 avos de final do Campeonato do Mundo de sub-17.&hellip;\n","protected":false},"author":2,"featured_media":150183,"comment_status":"","ping_status":"","sticky":false,"template":"","format":"standard","meta":{"footnotes":""},"categories":[8],"tags":[32693,3917,27,28,15,16,14,25,26,21,22,46,32692,12,13,19,20,32,23,24,33,47,8687,5420,17,18,29,30,31],"class_list":{"0":"post-150182","1":"post","2":"type-post","3":"status-publish","4":"format-standard","5":"has-post-thumbnail","7":"category-principais-noticias","8":"tag-16-anos-de-final","9":"tag-belgica","10":"tag-breaking-news","11":"tag-breakingnews","12":"tag-featured-news","13":"tag-featurednews","14":"tag-headlines","15":"tag-latest-news","16":"tag-latestnews","17":"tag-main-news","18":"tag-mainnews","19":"tag-maisfutebol","20":"tag-mundial-de-sub-17","21":"tag-news","22":"tag-noticias","23":"tag-noticias-principais","24":"tag-noticiasprincipais","25":"tag-portugal","26":"tag-principais-noticias","27":"tag-principaisnoticias","28":"tag-pt","29":"tag-pura-paixao","30":"tag-qatar","31":"tag-selecao-nacional","32":"tag-top-stories","33":"tag-topstories","34":"tag-ultimas","35":"tag-ultimas-noticias","36":"tag-ultimasnoticias"},"share_on_mastodon":{"url":"https:\/\/pubeurope.com\/@pt\/115540344525747781","error":""},"_links":{"self":[{"href":"https:\/\/www.europesays.com\/pt\/wp-json\/wp\/v2\/posts\/150182","targetHints":{"allow":["GET"]}}],"collection":[{"href":"https:\/\/www.europesays.com\/pt\/wp-json\/wp\/v2\/posts"}],"about":[{"href":"https:\/\/www.europesays.com\/pt\/wp-json\/wp\/v2\/types\/post"}],"author":[{"embeddable":true,"href":"https:\/\/www.europesays.com\/pt\/wp-json\/wp\/v2\/users\/2"}],"replies":[{"embeddable":true,"href":"https:\/\/www.europesays.com\/pt\/wp-json\/wp\/v2\/comments?post=150182"}],"version-history":[{"count":0,"href":"https:\/\/www.europesays.com\/pt\/wp-json\/wp\/v2\/posts\/150182\/revisions"}],"wp:featuredmedia":[{"embeddable":true,"href":"https:\/\/www.europesays.com\/pt\/wp-json\/wp\/v2\/media\/150183"}],"wp:attachment":[{"href":"https:\/\/www.europesays.com\/pt\/wp-json\/wp\/v2\/media?parent=150182"}],"wp:term":[{"taxonomy":"category","embeddable":true,"href":"https:\/\/www.europesays.com\/pt\/wp-json\/wp\/v2\/categories?post=150182"},{"taxonomy":"post_tag","embeddable":true,"href":"https:\/\/www.europesays.com\/pt\/wp-json\/wp\/v2\/tags?post=150182"}],"curies":[{"name":"wp","href":"https:\/\/api.w.org\/{rel}","templated":true}]}}