{"id":150186,"date":"2025-11-13T03:51:46","date_gmt":"2025-11-13T03:51:46","guid":{"rendered":"https:\/\/www.europesays.com\/pt\/150186\/"},"modified":"2025-11-13T03:51:46","modified_gmt":"2025-11-13T03:51:46","slug":"o-savate-e-que-nao-tem-medo-de-nada","status":"publish","type":"post","link":"https:\/\/www.europesays.com\/pt\/150186\/","title":{"rendered":"\u201cO Savate \u00e9 que n\u00e3o tem medo de nada\u201d"},"content":{"rendered":"<p>Devido ao <a href=\"https:\/\/tvi.iol.pt\/secretstory\" rel=\"nofollow noopener\" target=\"_blank\">Secret Story<\/a>, Teresa Guilherme lan\u00e7a farpas a Cristina Ferreira em direto: \u201cO Savate \u00e9 que n\u00e3o tem medo de nada\u201d, disse.<\/p>\n<p>Teresa Guilherme volta a causar pol\u00e9mica com declara\u00e7\u00f5es inesperadas<\/p>\n<p>As mais recentes declara\u00e7\u00f5es de <strong>Teresa Guilherme<\/strong> voltaram a agitar o mundo televisivo. A antiga apresentadora da <strong>Casa dos Segredos<\/strong> deixou elogios a <strong>Bruno Savate<\/strong>, mas aproveitou tamb\u00e9m para lan\u00e7ar <strong>cr\u00edticas indiretas a Cristina Ferreira<\/strong>, atual diretora de entretenimento e fic\u00e7\u00e3o da TVI.<\/p>\n<p>O momento aconteceu durante um programa onde <strong>Leo Caeiro<\/strong> comentava o confronto televisivo entre <strong>Cristina Ferreira<\/strong> e <strong>Bruno Savate<\/strong>, transmitido no matutino da TVI.<\/p>\n<p>\u201cVamos falar sobre a Cristina Ferreira e o Bruno Savate\u201d<\/p>\n<p>Tudo come\u00e7ou quando Leo Caeiro introduziu o tema da discuss\u00e3o em direto entre os dois protagonistas. O comentador afirmou:<br \/><strong>\u201cVamos falar sobre a Cristina Ferreira. Vamos falar sobre a Cristina Ferreira e o Bruno Savate. Que voc\u00eas sabem que os dois t\u00eam um ego desmedido. E que na realidade trocaram oposi\u00e7\u00f5es m\u00fatuas em direto, para perceber quem deles tem mais poder e influ\u00eancia. E foi uma pouca vergonha. E qual \u00e9 que tem mais poder e influ\u00eancia? Eu honestamente fiquei sem perceber qual dos dois \u00e9 que tem mais poder e influ\u00eancia.\u201d<\/strong><\/p>\n<p>\u201cClaramente para mim o Savate\u201d<\/p>\n<p>As palavras de Leo Caeiro n\u00e3o ficaram sem resposta. <strong>Teresa Guilherme<\/strong> n\u00e3o hesitou em tomar partido e deixou clara a sua opini\u00e3o:<br \/><strong>\u201cClaramente para mim o Savate, porque o Savate \u00e9 um concorrente maravilhoso e n\u00e3o tem medo de nada, ele diz tudo. Ele n\u00e3o tem medo de nada, portanto o que ele diz \u00e9 verdade.\u201d<\/strong><\/p>\n<p>A apresentadora destacou a autenticidade e coragem do finalista de v\u00e1rias edi\u00e7\u00f5es de reality shows, refor\u00e7ando que, para si, Bruno Savate se destaca pela frontalidade.<\/p>\n<p>\u201cN\u00e3o \u00e9 o caso da Cristina\u201d<\/p>\n<p>Mas Teresa Guilherme foi ainda mais longe, tra\u00e7ando uma compara\u00e7\u00e3o direta entre Savate e Cristina Ferreira:<br \/><strong>\u201cEle tem uma experi\u00eancia em reality shows, mais ningu\u00e9m tem. Porque aquela coisa, ah n\u00e3o, n\u00f3s andamos aqui h\u00e1 25 anos, n\u00e3o \u00e9 o caso da Cristina, n\u00e3o.\u201d<\/strong><\/p>\n<p>A apresentadora, conhecida como a \u201cRainha dos Reality Shows\u201d, acrescentou ainda:<br \/><strong>\u201cNa pr\u00f3pria demo, tamb\u00e9m j\u00e1 sobra para a\u00ed duas pessoas das pessoas que faziam os reality no in\u00edcio.\u201d<\/strong><\/p>\n<p><a href=\"https:\/\/news.google.com\/publications\/CAAqBwgKMKfIoAswtNK4Aw\" target=\"_blank\" rel=\"noopener noreferrer nofollow\"><img loading=\"lazy\" data-lazyloaded=\"1\" width=\"481\" height=\"161\" decoding=\"async\" src=\"\/wp-content\/uploads\/2024\/02\/GN_siganos.png\" alt=\"Siga-nos no Google News\" style=\"margin-top:20px;\"\/><\/a><\/p>\n","protected":false},"excerpt":{"rendered":"Devido ao Secret Story, Teresa Guilherme lan\u00e7a farpas a Cristina Ferreira em direto: \u201cO Savate \u00e9 que n\u00e3o&hellip;\n","protected":false},"author":2,"featured_media":114679,"comment_status":"","ping_status":"","sticky":false,"template":"","format":"standard","meta":{"footnotes":""},"categories":[142],"tags":[1253,2632,9402,166,801,114,115,32,33,5745,151],"class_list":{"0":"post-150186","1":"post","2":"type-post","3":"status-publish","4":"format-standard","5":"has-post-thumbnail","7":"category-tv","8":"tag-bruno-savate","9":"tag-casa-dos-segredos","10":"tag-cmtv","11":"tag-cristina-ferreira","12":"tag-dois-as-10","13":"tag-entertainment","14":"tag-entretenimento","15":"tag-portugal","16":"tag-pt","17":"tag-teresa-guilherme","18":"tag-tv"},"share_on_mastodon":{"url":"https:\/\/pubeurope.com\/@pt\/115540360317649461","error":""},"_links":{"self":[{"href":"https:\/\/www.europesays.com\/pt\/wp-json\/wp\/v2\/posts\/150186","targetHints":{"allow":["GET"]}}],"collection":[{"href":"https:\/\/www.europesays.com\/pt\/wp-json\/wp\/v2\/posts"}],"about":[{"href":"https:\/\/www.europesays.com\/pt\/wp-json\/wp\/v2\/types\/post"}],"author":[{"embeddable":true,"href":"https:\/\/www.europesays.com\/pt\/wp-json\/wp\/v2\/users\/2"}],"replies":[{"embeddable":true,"href":"https:\/\/www.europesays.com\/pt\/wp-json\/wp\/v2\/comments?post=150186"}],"version-history":[{"count":0,"href":"https:\/\/www.europesays.com\/pt\/wp-json\/wp\/v2\/posts\/150186\/revisions"}],"wp:featuredmedia":[{"embeddable":true,"href":"https:\/\/www.europesays.com\/pt\/wp-json\/wp\/v2\/media\/114679"}],"wp:attachment":[{"href":"https:\/\/www.europesays.com\/pt\/wp-json\/wp\/v2\/media?parent=150186"}],"wp:term":[{"taxonomy":"category","embeddable":true,"href":"https:\/\/www.europesays.com\/pt\/wp-json\/wp\/v2\/categories?post=150186"},{"taxonomy":"post_tag","embeddable":true,"href":"https:\/\/www.europesays.com\/pt\/wp-json\/wp\/v2\/tags?post=150186"}],"curies":[{"name":"wp","href":"https:\/\/api.w.org\/{rel}","templated":true}]}}