{"id":150193,"date":"2025-11-13T04:09:19","date_gmt":"2025-11-13T04:09:19","guid":{"rendered":"https:\/\/www.europesays.com\/pt\/150193\/"},"modified":"2025-11-13T04:09:19","modified_gmt":"2025-11-13T04:09:19","slug":"adeus-a-alan-ritchson-como-conhecemos-ator-esta-em-novo-filme-muito-diferente-de-reacher-noticias-de-cinema","status":"publish","type":"post","link":"https:\/\/www.europesays.com\/pt\/150193\/","title":{"rendered":"Adeus a Alan Ritchson como conhecemos: Ator est\u00e1 em novo filme MUITO diferente de Reacher &#8211; Not\u00edcias de cinema"},"content":{"rendered":"<p>Nova refer\u00eancia para produ\u00e7\u00f5es de a\u00e7\u00e3o, ator acaba de embarcar em uma nova parceria com o Prime Video, desta vez na com\u00e9dia.<\/p>\n<p class=\"bo-p\">Hollywood tem tentado apostar em uma nova gera\u00e7\u00e3o de astros para uma renova\u00e7\u00e3o necess\u00e1ria da ind\u00fastria. Enquanto nomes como <a href=\"https:\/\/www.adorocinema.com\/personalidades\/personalidade-659733\/\" class=\"bo-link\" rel=\"nofollow noopener\" target=\"_blank\">Mia Goth<\/a> e <a href=\"https:\/\/www.adorocinema.com\/personalidades\/personalidade-779091\/\" class=\"bo-link\" rel=\"nofollow noopener\" target=\"_blank\">Melissa Barrera<\/a>, por exemplo, come\u00e7am a ser associados ao terror, isso tamb\u00e9m pode se aplicar a <a href=\"https:\/\/www.adorocinema.com\/personalidades\/personalidade-137055\/\" class=\"bo-link\" rel=\"nofollow noopener\" target=\"_blank\">Alan Ritchson<\/a> quando falamos do g\u00eanero de a\u00e7\u00e3o. No entanto, a estrela de <a href=\"https:\/\/www.adorocinema.com\/series\/serie-25364\/\" class=\"bo-link\" rel=\"nofollow noopener\" target=\"_blank\">Reacher<\/a> \u00e9 uma caixinha de surpresas &#8211; alta e robusta -, que pode surpreender a partir de diferentes produ\u00e7\u00f5es.<\/p>\n<p>Alan Ritchson como voc\u00ea nunca viu<\/p>\n<p>                                <img loading=\"lazy\" decoding=\"async\" class=\"article-figure-img\" src=\"https:\/\/www.europesays.com\/pt\/wp-content\/uploads\/2025\/11\/1ba29ac3045912fab0c17cab0ef4823a.jpg\" width=\"640\" height=\"320\" alt=\"\"\/><\/p>\n<p>                                    Prime Video<\/p>\n<p>    <a class=\"cms-see-also\" data-title=\"Link relacionado\" href=\"https:\/\/www.adorocinema.com\/noticias\/series\/noticia-1000173799\/\" rel=\"nofollow noopener\" target=\"_blank\">Trememb\u00e9 vai ter 2\u00aa temporada? Tudo o que sabemos sobre o futuro do true crime do Amazon Prime Video<\/a><\/p>\n<p class=\"bo-p\">O ator acaba de surpreender os f\u00e3s da s\u00e9rie do Prime Video em uma nova parceria com o streaming: <a href=\"https:\/\/www.adorocinema.com\/filmes\/filme-327112\/\" class=\"bo-link\" rel=\"nofollow noopener\" target=\"_blank\">Um Dia Fora do Controle<\/a>, um com\u00e9dia ao lado do ic\u00f4nico <a href=\"https:\/\/www.adorocinema.com\/personalidades\/personalidade-89764\/\" class=\"bo-link\" rel=\"nofollow noopener\" target=\"_blank\">Kevin James<\/a>, de <a href=\"https:\/\/www.adorocinema.com\/filmes\/filme-103306\/\" class=\"bo-link\" rel=\"nofollow noopener\" target=\"_blank\">Gente Grande<\/a>, <a href=\"https:\/\/www.adorocinema.com\/filmes\/filme-131170\/\" class=\"bo-link\" rel=\"nofollow noopener\" target=\"_blank\">Seguran\u00e7a de Shopping<\/a> e <a href=\"https:\/\/www.adorocinema.com\/filmes\/filme-47705\/\" class=\"bo-link\" rel=\"nofollow noopener\" target=\"_blank\">Hitch &#8211; Conselheiro Amoroso<\/a>. No longa, ele interpreta Jeff, um pai fort\u00e3o que acaba envolvido em uma tarde de jogos e (por que n\u00e3o?) combate a mercen\u00e1rios. <\/p>\n<p class=\"bo-p\">\u00c9 claro que toda a desenvoltura e habilidades corporais do ator seriam utilizadas no novo filme, mas \u00e9 interessante ver Alan desbravando outros g\u00eaneros al\u00e9m do seu lugar de conforto. \u00c9 claro que a a\u00e7\u00e3o acaba entrando na equa\u00e7\u00e3o, mas ainda \u00e9 uma entrada completamente diferente do habitual.<\/p>\n<p>Qual \u00e9 a hist\u00f3ria de Um Dia Fora do Controle?<\/p>\n<p>                                <img loading=\"lazy\" decoding=\"async\" class=\"article-figure-img\" src=\"https:\/\/www.europesays.com\/pt\/wp-content\/uploads\/2025\/11\/0fb011bf61a5d3305fddd0b5e22695a3.jpg\" width=\"640\" height=\"320\" alt=\"\"\/><\/p>\n<p>                                    Prime Video<\/p>\n<p class=\"bo-p\">Um Dia Fora de Controle acompanha um contador rec\u00e9m desempregado chamado Brian (James), logo ele se torna um pai em tempo integral, cuidando do filho em casa. Um dia, ele aceita se reunir com um outro pai, o fort\u00e3o e carism\u00e1tico Jeff (Ritchson), e seu filho para uma tarde tranquila de brincadeiras infantis, partidas de futebol americano e conversas fora. <\/p>\n<p class=\"bo-p\">O que ele n\u00e3o imaginava era ser empurrado para uma ca\u00f3tica miss\u00e3o em que precisar\u00e1 lutar para sobreviver ao ser perseguido por um grupo de mercen\u00e1rios. Ao ultrapassar um obst\u00e1culo atr\u00e1s do outro, o desesperado Brian percebe que Jeff \u00e9 um desses pais completamente doidos.<\/p>\n<p>    <a class=\"cms-see-also\" data-title=\"Link relacionado\" href=\"https:\/\/www.adorocinema.com\/noticias\/filmes\/noticia-1000166160\/\" rel=\"nofollow noopener\" target=\"_blank\">O astro de Reacher se une novamente ao diretor de Os Mercen\u00e1rios \u2013 e se torna um SEAL da Marinha em novo filme de a\u00e7\u00e3o de guerra<\/a><\/p>\n<p class=\"bo-p\">Um Dia Fora do Controle j\u00e1 est\u00e1 dispon\u00edvel no cat\u00e1logo do Prime Video.<\/p>\n","protected":false},"excerpt":{"rendered":"Nova refer\u00eancia para produ\u00e7\u00f5es de a\u00e7\u00e3o, ator acaba de embarcar em uma nova parceria com o Prime Video,&hellip;\n","protected":false},"author":2,"featured_media":150194,"comment_status":"","ping_status":"","sticky":false,"template":"","format":"standard","meta":{"footnotes":""},"categories":[140],"tags":[114,115,147,148,146,32,33],"class_list":{"0":"post-150193","1":"post","2":"type-post","3":"status-publish","4":"format-standard","5":"has-post-thumbnail","7":"category-filmes","8":"tag-entertainment","9":"tag-entretenimento","10":"tag-film","11":"tag-filmes","12":"tag-movies","13":"tag-portugal","14":"tag-pt"},"share_on_mastodon":{"url":"https:\/\/pubeurope.com\/@pt\/115540431183116391","error":""},"_links":{"self":[{"href":"https:\/\/www.europesays.com\/pt\/wp-json\/wp\/v2\/posts\/150193","targetHints":{"allow":["GET"]}}],"collection":[{"href":"https:\/\/www.europesays.com\/pt\/wp-json\/wp\/v2\/posts"}],"about":[{"href":"https:\/\/www.europesays.com\/pt\/wp-json\/wp\/v2\/types\/post"}],"author":[{"embeddable":true,"href":"https:\/\/www.europesays.com\/pt\/wp-json\/wp\/v2\/users\/2"}],"replies":[{"embeddable":true,"href":"https:\/\/www.europesays.com\/pt\/wp-json\/wp\/v2\/comments?post=150193"}],"version-history":[{"count":0,"href":"https:\/\/www.europesays.com\/pt\/wp-json\/wp\/v2\/posts\/150193\/revisions"}],"wp:featuredmedia":[{"embeddable":true,"href":"https:\/\/www.europesays.com\/pt\/wp-json\/wp\/v2\/media\/150194"}],"wp:attachment":[{"href":"https:\/\/www.europesays.com\/pt\/wp-json\/wp\/v2\/media?parent=150193"}],"wp:term":[{"taxonomy":"category","embeddable":true,"href":"https:\/\/www.europesays.com\/pt\/wp-json\/wp\/v2\/categories?post=150193"},{"taxonomy":"post_tag","embeddable":true,"href":"https:\/\/www.europesays.com\/pt\/wp-json\/wp\/v2\/tags?post=150193"}],"curies":[{"name":"wp","href":"https:\/\/api.w.org\/{rel}","templated":true}]}}