{"id":150199,"date":"2025-11-13T04:24:18","date_gmt":"2025-11-13T04:24:18","guid":{"rendered":"https:\/\/www.europesays.com\/pt\/150199\/"},"modified":"2025-11-13T04:24:18","modified_gmt":"2025-11-13T04:24:18","slug":"chef-de-hotel-no-peru-e-demitido-apos-tirar-foto-com-axl-rose-violando-regra-da-empresa","status":"publish","type":"post","link":"https:\/\/www.europesays.com\/pt\/150199\/","title":{"rendered":"Chef de hotel no Peru \u00e9 demitido ap\u00f3s tirar foto com Axl Rose, violando regra da empresa"},"content":{"rendered":"\n<p>O chef peruano <strong>Richard Perez Cuzcano<\/strong> foi demitido do hotel Marriott, onde trabalhava, em Lima, no Peru. O motivo? Ele tirou uma foto ao lado de seu grande \u00eddolo, <strong><a href=\"https:\/\/igormiranda.com.br\/tag\/axl-rose\/\" target=\"_blank\" rel=\"noreferrer noopener nofollow\">Axl Rose<\/a><\/strong>, durante a estadia do <strong><a href=\"https:\/\/igormiranda.com.br\/tag\/guns-n-roses\/\" target=\"_blank\" rel=\"noreferrer noopener nofollow\">Guns N\u2019 Roses<\/a><\/strong> na cidade, onde se apresentou no \u00faltimo dia 5 de novembro, no Est\u00e1dio Nacional.<\/p>\n<p>Rose e a banda sequer tiveram culpa. De acordo com o <a href=\"https:\/\/www.facebook.com\/BajoPiuraNoticias2.0\" target=\"_blank\" rel=\"noreferrer noopener nofollow\">Bajo Piura Noticias<\/a> (via <a href=\"https:\/\/loudwire.com\/hotel-chef-fired-photo-axl-rose\/\" target=\"_blank\" rel=\"noreferrer noopener nofollow\">Loudwire<\/a>), Cuzcano violou uma regra do hotel para seus funcion\u00e1rios, que pro\u00edbe intera\u00e7\u00f5es com h\u00f3spedes fora da fun\u00e7\u00e3o de trabalho.<\/p>\n<p>&#8211; Advertisement &#8211;<\/p>\n<p>A foto foi parar nas redes sociais. Inicialmente, Richard escreveu, antes de alterar a legenda:<\/p>\n<p>\u201cEu era o chef do restaurante e tirei uma foto com Axl Rose em pessoa depois de cozinhar para ele. Ontem, fui demitido por quebrar essa regra. Valeu a pena? Valeu e vai valer at\u00e9 o dia da minha morte.\u201d<\/p>\n<p>A vers\u00e3o agora p\u00fablica afirma:<\/p>\n<p>\u201cComo explicar para o meu eu mais jovem que isso aconteceria dentro de alguns anos, que um dia ele se tornar\u00e1 um chef e que numa noite cozinhar\u00e1 como nunca antes para W. Axl Rose? E que ele apertar\u00e1 a m\u00e3o dele. Valeu a pena???? Valeu, vale e continuar\u00e1 valendo a pena at\u00e9 o meu \u00faltimo dia.\u201d<\/p>\n<blockquote class=\"instagram-media\" data-instgrm-captioned=\"\" data-instgrm-permalink=\"https:\/\/www.instagram.com\/p\/DQtOF9QjldO\/?utm_source=ig_embed&amp;utm_campaign=loading\" data-instgrm-version=\"14\" style=\"background:#FFF; border:0; border-radius:3px; box-shadow:0 0 1px 0 rgba(0,0,0,0.5),0 1px 10px 0 rgba(0,0,0,0.15); margin: 1px; max-width:540px; min-width:326px; padding:0; width:99.375%; width:-webkit-calc(100% - 2px); width:calc(100% - 2px);\"><\/blockquote>\n<p>N\u00e3o se sabe a mudan\u00e7a para um tom mais leve na mensagem tem a ver com uma readmiss\u00e3o.<\/p>\n<p> Caso similar no Brasil <\/p>\n<p>Vale lembrar que n\u00e3o \u00e9 a primeira vez que algo assim ocorre com o mesmo artista e continente. Em 2022, uma gar\u00e7onete identificada apenas como <strong>Tayrine<\/strong> <a href=\"https:\/\/igormiranda.com.br\/2022\/08\/funcionaria-hotel-manaus-demitida-filmar-axl-rose-guns\/\" target=\"_blank\" rel=\"noreferrer noopener nofollow\">foi demitida<\/a> do hotel Juma \u00d3pera, em Manaus, ap\u00f3s gravar um v\u00eddeo de Axl Rose nas depend\u00eancias do lugar.<\/p>\n<p>Na \u00e9poca, a funcion\u00e1ria declarou para a <a href=\"https:\/\/www.facebook.com\/SinalLivrePortal\/videos\/815199246328152\/\" target=\"_blank\" rel=\"noreferrer noopener nofollow\">TV local<\/a>:<\/p>\n<p>\u201cEu sou muito f\u00e3, s\u00f3 queria que entendessem o meu sentimento. Eu n\u00e3o corri at\u00e9 eles, n\u00e3o fiz esc\u00e2ndalo, servi eles com muita emo\u00e7\u00e3o. \u00c9 a melhor banda de todos os tempos, \u00e9 a nossa hist\u00f3ria e isso \u00e9 pra gente, n\u00e3o \u00e9 justo.\u201d<\/p>\n<p><strong>Clique<\/strong> para seguir IgorMiranda.com.br no: <a href=\"https:\/\/instagram.com\/igormirandasite\" target=\"_blank\" rel=\"noreferrer noopener nofollow\">Instagram<\/a> | <a href=\"https:\/\/bsky.app\/profile\/igormirandasite.bsky.social\" target=\"_blank\" rel=\"noreferrer noopener nofollow\">Bluesky<\/a> | <a href=\"https:\/\/twitter.com\/igormirandasite\" target=\"_blank\" rel=\"noreferrer noopener nofollow\">Twitter<\/a> | <a href=\"https:\/\/tiktok.com\/@igormirandasite\" target=\"_blank\" rel=\"noreferrer noopener nofollow\">TikTok<\/a> | <a href=\"https:\/\/facebook.com\/igormirandasite\" target=\"_blank\" rel=\"noreferrer noopener nofollow\">Facebook<\/a> | <a href=\"https:\/\/www.youtube.com\/igormirandasite\" target=\"_blank\" rel=\"noreferrer noopener nofollow\">YouTube<\/a> | <a href=\"https:\/\/www.threads.net\/@igormirandasite\" target=\"_blank\" rel=\"noreferrer noopener nofollow\">Threads<\/a>.<\/p>\n<p> <script async src=\"https:\/\/platform.twitter.com\/widgets.js\" charset=\"utf-8\"><\/script><script async src=\"\/\/www.instagram.com\/embed.js\"><\/script><script async src=\"\/\/www.tiktok.com\/embed.js\"><\/script><\/p>\n","protected":false},"excerpt":{"rendered":"O chef peruano Richard Perez Cuzcano foi demitido do hotel Marriott, onde trabalhava, em Lima, no Peru. O&hellip;\n","protected":false},"author":2,"featured_media":150200,"comment_status":"","ping_status":"","sticky":false,"template":"","format":"standard","meta":{"footnotes":""},"categories":[145],"tags":[24662,211,210,114,115,24663,32,33],"class_list":{"0":"post-150199","1":"post","2":"type-post","3":"status-publish","4":"format-standard","5":"has-post-thumbnail","7":"category-celebridades","8":"tag-axl-rose","9":"tag-celebridades","10":"tag-celebrities","11":"tag-entertainment","12":"tag-entretenimento","13":"tag-guns-n-roses","14":"tag-portugal","15":"tag-pt"},"share_on_mastodon":{"url":"https:\/\/pubeurope.com\/@pt\/115540489831505689","error":""},"_links":{"self":[{"href":"https:\/\/www.europesays.com\/pt\/wp-json\/wp\/v2\/posts\/150199","targetHints":{"allow":["GET"]}}],"collection":[{"href":"https:\/\/www.europesays.com\/pt\/wp-json\/wp\/v2\/posts"}],"about":[{"href":"https:\/\/www.europesays.com\/pt\/wp-json\/wp\/v2\/types\/post"}],"author":[{"embeddable":true,"href":"https:\/\/www.europesays.com\/pt\/wp-json\/wp\/v2\/users\/2"}],"replies":[{"embeddable":true,"href":"https:\/\/www.europesays.com\/pt\/wp-json\/wp\/v2\/comments?post=150199"}],"version-history":[{"count":0,"href":"https:\/\/www.europesays.com\/pt\/wp-json\/wp\/v2\/posts\/150199\/revisions"}],"wp:featuredmedia":[{"embeddable":true,"href":"https:\/\/www.europesays.com\/pt\/wp-json\/wp\/v2\/media\/150200"}],"wp:attachment":[{"href":"https:\/\/www.europesays.com\/pt\/wp-json\/wp\/v2\/media?parent=150199"}],"wp:term":[{"taxonomy":"category","embeddable":true,"href":"https:\/\/www.europesays.com\/pt\/wp-json\/wp\/v2\/categories?post=150199"},{"taxonomy":"post_tag","embeddable":true,"href":"https:\/\/www.europesays.com\/pt\/wp-json\/wp\/v2\/tags?post=150199"}],"curies":[{"name":"wp","href":"https:\/\/api.w.org\/{rel}","templated":true}]}}