{"id":150272,"date":"2025-11-13T06:34:11","date_gmt":"2025-11-13T06:34:11","guid":{"rendered":"https:\/\/www.europesays.com\/pt\/150272\/"},"modified":"2025-11-13T06:34:11","modified_gmt":"2025-11-13T06:34:11","slug":"medicos-explicam-quadro-de-oscar","status":"publish","type":"post","link":"https:\/\/www.europesays.com\/pt\/150272\/","title":{"rendered":"m\u00e9dicos explicam quadro de Oscar"},"content":{"rendered":"<p class=\"w-full text-lg font-krub text-gray-500 leading-30\">A situa\u00e7\u00e3o card\u00edaca de Oscar tornou-se um dos temas mais comentados do futebol nesta semana. O jogador do <a href=\"https:\/\/www.lance.com.br\/sao-paulo\" class=\"font-bold break-normal hover:underline\" style=\"color:#FE0000\" rel=\"nofollow noopener\" target=\"_blank\">S\u00e3o Paulo<\/a> segue internado ap\u00f3s apresentar um quadro de intercorr\u00eancia card\u00edaca na ter\u00e7a-feira, dia 11. O <a href=\"https:\/\/www.lance.com.br\/\" class=\"font-bold break-normal hover:underline\" style=\"color:#FE0000\" rel=\"nofollow noopener\" target=\"_blank\">Lance!<\/a> ouviu m\u00e9dicos e especialistas para explicar poss\u00edveis causas e sintomas de epis\u00f3dios desse tipo.<\/p>\n<p>continua ap\u00f3s a publicidade<\/p>\n<p class=\"w-full text-lg font-krub text-gray-500 leading-30\">Durante um teste de bicicleta, o atleta sofreu uma intercorr\u00eancia com altera\u00e7\u00f5es cardiol\u00f3gicas e ficou inconsciente por alguns segundos. Foi encaminhado de ambul\u00e2ncia ao hospital. No Dia Nacional de Conscientiza\u00e7\u00e3o da Arritmia Card\u00edaca, a reportagem conversou com o cardiologista Alexsandro Fagundes, presidente da Sociedade Brasileira de Arritmias Card\u00edacas, para detalhar como esses diagn\u00f3sticos costumam ocorrer.<\/p>\n<p class=\"w-full text-lg font-krub text-gray-500 leading-30\">\u2014 O diagn\u00f3stico de uma arritmia pode aparecer no eletrocardiograma ou em qualquer exame que monitore o paciente por mais tempo, registrando o ritmo do cora\u00e7\u00e3o por 24 horas. Em alguns casos, at\u00e9 dispositivos como smartwatches e smartphones ajudam a identificar altera\u00e7\u00f5es do ritmo card\u00edaco \u2014 explicou o m\u00e9dico.<\/p>\n<p>continua ap\u00f3s a publicidade<\/p>\n<p class=\"w-full text-lg font-krub text-gray-500 leading-30\"><a href=\"https:\/\/www.lance.com.br\/sao-paulo\/oscar-segue-em-observacao-e-faz-novos-exames-veja-situacao-do-jogador-do-sao-paulo.html\" class=\"font-bold break-normal hover:underline\" style=\"color:#FE0000\" rel=\"nofollow noopener\" target=\"_blank\"><strong>\u27a1\ufe0f<\/strong>Oscar segue em observa\u00e7\u00e3o e faz novos exames; veja situa\u00e7\u00e3o do jogador do S\u00e3o Paulo<\/a><\/p>\n<p>E no caso de jogadores de futebol?<\/p>\n<p class=\"w-full text-lg font-krub text-gray-500 leading-30\">Mesmo que problemas card\u00edacos sejam comuns, no caso de jogadores profissionais outros fatores podem estar envolvidos. No caso espec\u00edfico de Oscar, trata-se de um atleta experiente, de 34 anos. Segundo o Dr. Alexsandro Fagundes, cada situa\u00e7\u00e3o deve ser avaliada individualmente, mas ele explicou o que pode causar intercorr\u00eancias como essa.<\/p>\n<p class=\"w-full text-lg font-krub text-gray-500 leading-30\">\u2014 No caso de um jogador de futebol, pode acontecer como com qualquer pessoa. Ele pode ter uma doen\u00e7a cong\u00eanita, uma inflama\u00e7\u00e3o no cora\u00e7\u00e3o, uma condi\u00e7\u00e3o adquirida pelo uso de alguma medica\u00e7\u00e3o, hipertens\u00e3o ou outras causas que afetem o cora\u00e7\u00e3o ou sua estrutura. Em um jogador de 34 anos, isso depende do tipo de arritmia detectada, mas, como houve desmaio e s\u00edncope, se realmente for uma arritmia associada ao epis\u00f3dio, \u00e9 algo preocupante e pode limitar a capacidade de ele seguir atuando \u2014 esclareceu o doutor.<\/p>\n<p>continua ap\u00f3s a publicidade<\/p>\n<p class=\"w-full text-lg font-krub text-gray-500 leading-30\">Enquanto isso, o Dr. Leandro Costa, cardiologista do Hospital Alem\u00e3o Oswaldo Cruz, ressaltou que esse tipo de problema pode atingir inclusive pessoas com vida esportiva ativa, como Oscar.<\/p>\n<p class=\"w-full text-lg font-krub text-gray-500 leading-30\">\u2014 H\u00e1 uma percep\u00e7\u00e3o equivocada de que apenas pessoas idosas ou com doen\u00e7as card\u00edacas conhecidas est\u00e3o em risco. Mas a verdade \u00e9 que arritmias podem acometer qualquer pessoa, inclusive atletas amadores e corredores de rua. O impacto social \u00e9 enorme quando eventos como esses acontecem em indiv\u00edduos jovens \u2014 explicou Leandro.<\/p>\n<p><img alt=\"S\u00e3o Paulo Oscar\" loading=\"lazy\" width=\"850\" height=\"530\" decoding=\"async\" data-nimg=\"1\" class=\"w-full rounded-lg \" style=\"color:transparent\" src=\"https:\/\/www.europesays.com\/pt\/wp-content\/uploads\/2025\/11\/54276141923_a624a51122_o-1920x1384.jpg\"\/>Oscar segue internado ap\u00f3s problema no cora\u00e7\u00e3o (Foto: Rubens Chiri\/Saopaulofc.net)<\/p>\n<p>Como funciona a recupera\u00e7\u00e3o de problemas card\u00edacos?<\/p>\n<p class=\"w-full text-lg font-krub text-gray-500 leading-30\">No caso de Oscar,<a href=\"https:\/\/www.lance.com.br\/sao-paulo\/oscar-segue-em-observacao-e-faz-novos-exames-veja-situacao-do-jogador-do-sao-paulo.html\" class=\"font-bold break-normal hover:underline\" style=\"color:#FE0000\" rel=\"nofollow noopener\" target=\"_blank\"> o Lance! apurou que o jogador segue internado no Einstein Hospital Israelita<\/a>. Segundo confirmou a reportagem, ainda sem previs\u00e3o de alta, deve passar por mais exames.<\/p>\n<p class=\"w-full text-lg font-krub text-gray-500 leading-30\">Em um panorama geral, sem entrar no caso espec\u00edfico de Oscar, tudo depende da gravidade e de poss\u00edveis sequelas.<\/p>\n<p class=\"w-full text-lg font-krub text-gray-500 leading-30\">\u2014 A recupera\u00e7\u00e3o vai depender do diagn\u00f3stico, da recorr\u00eancia dos epis\u00f3dios e de existir ou n\u00e3o algum defeito grave no cora\u00e7\u00e3o que permita ao tratamento restaurar as atividades dele. \u00c0s vezes pode haver um problema mais s\u00e9rio que requeira marcapasso, desfibrilador, cirurgia ou at\u00e9 abla\u00e7\u00e3o por cateter. Tratamento, progn\u00f3stico, orienta\u00e7\u00f5es e conduta variam conforme a arritmia detectada, mas \u00e9 poss\u00edvel que haja algo mais s\u00e9rio, j\u00e1 que ele desmaiou durante o esfor\u00e7o, no teste \u2014 destacou Alexsandro Fagundes.<\/p>\n<p class=\"w-full text-lg font-krub text-gray-500 leading-30\"><a href=\"https:\/\/whatsapp.com\/channel\/0029Va8J5lSAojYuZ4Qo7M0f?utm_source=cta&amp;utm_medium=whatsappsaopaulo&amp;utm_id=whatsapp\" class=\"font-bold break-normal hover:underline\" style=\"color:#FE0000\" target=\"_blank\" rel=\"nofollow noopener\"><strong>\u27a1\ufe0fTudo sobre o Tricolor agora no WhatsApp. Siga o nosso novo canal Lance! S\u00e3o Paulo<\/strong><\/a><\/p>\n<p class=\"w-full text-lg font-krub text-gray-500 leading-30\">As atualiza\u00e7\u00f5es e detalhes do quadro do meia tamb\u00e9m ter\u00e3o o respaldo da fam\u00edlia e do pr\u00f3prio jogador antes da divulga\u00e7\u00e3o. O S\u00e3o Paulo tamb\u00e9m est\u00e1 acompanhando a situa\u00e7\u00e3o do atleta de perto, tendo parceria com o hospital.<\/p>\n","protected":false},"excerpt":{"rendered":"A situa\u00e7\u00e3o card\u00edaca de Oscar tornou-se um dos temas mais comentados do futebol nesta semana. O jogador do&hellip;\n","protected":false},"author":2,"featured_media":150273,"comment_status":"","ping_status":"","sticky":false,"template":"","format":"standard","meta":{"footnotes":""},"categories":[145],"tags":[211,210,114,115,1409,32,33,654],"class_list":{"0":"post-150272","1":"post","2":"type-post","3":"status-publish","4":"format-standard","5":"has-post-thumbnail","7":"category-celebridades","8":"tag-celebridades","9":"tag-celebrities","10":"tag-entertainment","11":"tag-entretenimento","12":"tag-oscar","13":"tag-portugal","14":"tag-pt","15":"tag-sao-paulo"},"share_on_mastodon":{"url":"https:\/\/pubeurope.com\/@pt\/115541001458492921","error":""},"_links":{"self":[{"href":"https:\/\/www.europesays.com\/pt\/wp-json\/wp\/v2\/posts\/150272","targetHints":{"allow":["GET"]}}],"collection":[{"href":"https:\/\/www.europesays.com\/pt\/wp-json\/wp\/v2\/posts"}],"about":[{"href":"https:\/\/www.europesays.com\/pt\/wp-json\/wp\/v2\/types\/post"}],"author":[{"embeddable":true,"href":"https:\/\/www.europesays.com\/pt\/wp-json\/wp\/v2\/users\/2"}],"replies":[{"embeddable":true,"href":"https:\/\/www.europesays.com\/pt\/wp-json\/wp\/v2\/comments?post=150272"}],"version-history":[{"count":0,"href":"https:\/\/www.europesays.com\/pt\/wp-json\/wp\/v2\/posts\/150272\/revisions"}],"wp:featuredmedia":[{"embeddable":true,"href":"https:\/\/www.europesays.com\/pt\/wp-json\/wp\/v2\/media\/150273"}],"wp:attachment":[{"href":"https:\/\/www.europesays.com\/pt\/wp-json\/wp\/v2\/media?parent=150272"}],"wp:term":[{"taxonomy":"category","embeddable":true,"href":"https:\/\/www.europesays.com\/pt\/wp-json\/wp\/v2\/categories?post=150272"},{"taxonomy":"post_tag","embeddable":true,"href":"https:\/\/www.europesays.com\/pt\/wp-json\/wp\/v2\/tags?post=150272"}],"curies":[{"name":"wp","href":"https:\/\/api.w.org\/{rel}","templated":true}]}}