{"id":150317,"date":"2025-11-13T08:16:16","date_gmt":"2025-11-13T08:16:16","guid":{"rendered":"https:\/\/www.europesays.com\/pt\/150317\/"},"modified":"2025-11-13T08:16:16","modified_gmt":"2025-11-13T08:16:16","slug":"laura-conta-a-verdade-a-fabrica-faliu-e-o-tio-diz-que-a-culpa-e-do-jorge-novelas","status":"publish","type":"post","link":"https:\/\/www.europesays.com\/pt\/150317\/","title":{"rendered":"Laura conta a verdade: \u00abA f\u00e1brica faliu e o tio diz que a culpa \u00e9 do Jorge\u00bb &#8211; Novelas"},"content":{"rendered":"<p>Em \u00abA Protegida\u00bb, Virg\u00edlio (Diogo Morgado) continua a fazer-se de v\u00edtima e diz que foi chantageado por Jorge (Paulo Pires). Laura (Alexandra Lencastre) diz que Virg\u00edlio lhe devia ter contado, mas ele assume que teve medo de que Laura n\u00e3o acreditasse nele e que o despedisse. Virg\u00edlio achou que Jorge ia desviar algum dinheiro, mas nunca pensou que fosse uma quantia t\u00e3o grande. Mariana (Matilde Reym\u00e3o) chega e descobre que a f\u00e1brica faliu.<\/p>\n","protected":false},"excerpt":{"rendered":"Em \u00abA Protegida\u00bb, Virg\u00edlio (Diogo Morgado) continua a fazer-se de v\u00edtima e diz que foi chantageado por Jorge&hellip;\n","protected":false},"author":2,"featured_media":150318,"comment_status":"","ping_status":"","sticky":false,"template":"","format":"standard","meta":{"footnotes":""},"categories":[142],"tags":[168,160,166,114,115,157,167,164,2931,161,158,165,159,32,33,156,163,151,162],"class_list":{"0":"post-150317","1":"post","2":"type-post","3":"status-publish","4":"format-standard","5":"has-post-thumbnail","7":"category-tv","8":"tag-a-protegida","9":"tag-ana-guiomar","10":"tag-cristina-ferreira","11":"tag-entertainment","12":"tag-entretenimento","13":"tag-festa-e-festa","14":"tag-ficcao","15":"tag-jose-fidalgo","16":"tag-novela","17":"tag-novelas","18":"tag-para-sempre","19":"tag-pedro-sousa","20":"tag-pedro-teixeira","21":"tag-portugal","22":"tag-pt","23":"tag-queridos-papas","24":"tag-tiago-teotonio-pereira","25":"tag-tv","26":"tag-tvi"},"share_on_mastodon":{"url":"https:\/\/pubeurope.com\/@pt\/115541402103177525","error":""},"_links":{"self":[{"href":"https:\/\/www.europesays.com\/pt\/wp-json\/wp\/v2\/posts\/150317","targetHints":{"allow":["GET"]}}],"collection":[{"href":"https:\/\/www.europesays.com\/pt\/wp-json\/wp\/v2\/posts"}],"about":[{"href":"https:\/\/www.europesays.com\/pt\/wp-json\/wp\/v2\/types\/post"}],"author":[{"embeddable":true,"href":"https:\/\/www.europesays.com\/pt\/wp-json\/wp\/v2\/users\/2"}],"replies":[{"embeddable":true,"href":"https:\/\/www.europesays.com\/pt\/wp-json\/wp\/v2\/comments?post=150317"}],"version-history":[{"count":0,"href":"https:\/\/www.europesays.com\/pt\/wp-json\/wp\/v2\/posts\/150317\/revisions"}],"wp:featuredmedia":[{"embeddable":true,"href":"https:\/\/www.europesays.com\/pt\/wp-json\/wp\/v2\/media\/150318"}],"wp:attachment":[{"href":"https:\/\/www.europesays.com\/pt\/wp-json\/wp\/v2\/media?parent=150317"}],"wp:term":[{"taxonomy":"category","embeddable":true,"href":"https:\/\/www.europesays.com\/pt\/wp-json\/wp\/v2\/categories?post=150317"},{"taxonomy":"post_tag","embeddable":true,"href":"https:\/\/www.europesays.com\/pt\/wp-json\/wp\/v2\/tags?post=150317"}],"curies":[{"name":"wp","href":"https:\/\/api.w.org\/{rel}","templated":true}]}}