{"id":150363,"date":"2025-11-13T09:41:11","date_gmt":"2025-11-13T09:41:11","guid":{"rendered":"https:\/\/www.europesays.com\/pt\/150363\/"},"modified":"2025-11-13T09:41:11","modified_gmt":"2025-11-13T09:41:11","slug":"o-que-sao-os-sinais-de-radio-emitidos-pelo-cometa-3i-atlas-detectados-por-astronomos-noticias-r7","status":"publish","type":"post","link":"https:\/\/www.europesays.com\/pt\/150363\/","title":{"rendered":"O que s\u00e3o os sinais de r\u00e1dio emitidos pelo cometa 3I\/Atlas detectados por astr\u00f4nomos \u2013 Noticias R7"},"content":{"rendered":"<p>LEIA AQUI O RESUMO DA NOT\u00cdCIA<\/p>\n<ul class=\"b-article-body-custom-embed-brief-news__list\" style=\"margin: 0; padding-left: 20px; list-style-type: disc;\">\n<li>Astr\u00f4nomos confirmaram sinais de r\u00e1dio do cometa interestelar 3I\/Atlas, detectados pelo telesc\u00f3pio MeerKAT.<\/li>\n<li>As emiss\u00f5es correspondem \u00e0 presen\u00e7a de radicais hidroxila gerados pela quebra de mol\u00e9culas de \u00e1gua devido \u00e0 radia\u00e7\u00e3o solar.<\/li>\n<li>As evid\u00eancias cient\u00edficas descartam a origem tecnol\u00f3gica do sinal, refutando teorias de naves alien\u00edgenas.<\/li>\n<li>O cometa, que viaja a mais de 210 mil km\/h, \u00e9 o terceiro objeto interestelar identificado no sistema solar e foi expulso de um sistema estelar h\u00e1 cerca de sete bilh\u00f5es de anos.<\/li>\n<\/ul>\n<p style=\"font-size: 0.8em; font-style: italic; text-align: right; margin-top: 15px; padding-bottom: 5px; margin-bottom: 0;\">Produzido pela Ri7a &#8211; a Intelig\u00eancia Artificial do R7<\/p>\n<p><img decoding=\"async\" data-chromatic=\"ignore\" alt=\"\" class=\"c-image\" loading=\"lazy\" src=\"https:\/\/www.europesays.com\/pt\/wp-content\/uploads\/2025\/11\/DHVKUJC4DRCJTKXNBCQ4LSZ63I.PNG\"  width=\"883\" height=\"482\"\/>O cometa 3I\/Atlas em 21 de julho de 2025, quando estava a 445 milh\u00f5es de km da Terra Divulga\u00e7\u00e3o\/Nasa <\/p>\n<p class=\"jarvics:base-text-neutral-high-400 base-text-[calc(theme(fontSize.xs)_*_var(--font-size,_1))] base-font-normal base-font-primary base-text-neutral-low-500 base-text-left\">Astr\u00f4nomos detectaram, pela primeira vez, sinais de r\u00e1dio provenientes do <a href=\"https:\/\/noticias.r7.com\/internacional\/visitante-interestelar-3iatlas-desenvolve-cauda-incomum-11112025\/\" target=\"_blank\" rel=\"noreferrer nofollow noopener\" title=\"https:\/\/noticias.r7.com\/internacional\/visitante-interestelar-3iatlas-desenvolve-cauda-incomum-11112025\/\">cometa interestelar<\/a> <a href=\"https:\/\/noticias.r7.com\/fala-ciencia\/superficie-de-3iatlas-mudou-e-origem-do-cometa-permanece-um-misterio-12112025\/\" target=\"_blank\" rel=\"noreferrer nofollow noopener\" title=\"https:\/\/noticias.r7.com\/fala-ciencia\/superficie-de-3iatlas-mudou-e-origem-do-cometa-permanece-um-misterio-12112025\/\">3I\/Atlas<\/a>, enquanto ele atravessava a metade do seu percurso \u00fanico pelo Sistema Solar. <\/p>\n<p class=\"jarvics:base-text-neutral-high-400 base-text-[calc(theme(fontSize.xs)_*_var(--font-size,_1))] base-font-normal base-font-primary base-text-neutral-low-500 base-text-left\">A <a href=\"https:\/\/noticias.r7.com\/fala-ciencia\/sonda-chinesa-capta-cometa-interestelar-3iatlas-em-aproximacao-historica-de-marte-10112025\/\" target=\"_blank\" rel=\"noreferrer nofollow noopener\" title=\"https:\/\/noticias.r7.com\/fala-ciencia\/sonda-chinesa-capta-cometa-interestelar-3iatlas-em-aproximacao-historica-de-marte-10112025\/\">observa\u00e7\u00e3o<\/a> foi feita pelo telesc\u00f3pio MeerKAT, na \u00c1frica do Sul, composto por 64 antenas parab\u00f3licas. A descoberta inicialmente despertou especula\u00e7\u00f5es sobre uma poss\u00edvel origem artificial do fen\u00f4meno, mas os cientistas esclareceram que o sinal tem explica\u00e7\u00e3o natural.<\/p>\n<p class=\"jarvics:base-text-neutral-high-400 base-text-[calc(theme(fontSize.xs)_*_var(--font-size,_1))] base-font-normal base-font-primary base-text-neutral-low-500 base-text-left\">Desde sua descoberta, o corpo celeste tem sido alvo de teorias que sugerem se tratar de uma nave alien\u00edgena camuflada, ideia promovida pelo astrof\u00edsico de Harvard Avi Loeb, que tamb\u00e9m atribuiu origem semelhante ao objeto Oumuamua, detectado em 2017. Especialistas, por\u00e9m, afirmam que as evid\u00eancias cient\u00edficas dispon\u00edveis contradizem qualquer hip\u00f3tese de natureza tecnol\u00f3gica.<\/p>\n<p class=\"jarvics:base-text-neutral-high-400 base-text-[calc(theme(fontSize.xs)_*_var(--font-size,_1))] base-font-normal base-font-primary base-text-neutral-low-500 base-text-left\">De acordo com os astr\u00f4nomos, as emiss\u00f5es de r\u00e1dio correspondem \u00e0 absor\u00e7\u00e3o de determinadas faixas de frequ\u00eancia associadas \u00e0 presen\u00e7a de radicais hidroxila (OH) na coma do cometa, que \u00e9 uma nuvem de g\u00e1s e poeira que envolve seu n\u00facleo.<\/p>\n<p class=\"jarvics:base-text-neutral-high-400 base-text-[calc(theme(fontSize.xs)_*_var(--font-size,_1))] base-font-normal base-font-primary base-text-neutral-low-500 base-text-left\">Esses radicais s\u00e3o gerados quando mol\u00e9culas de \u00e1gua se quebram durante o processo de desgaseifica\u00e7\u00e3o em que o calor solar faz com que o gelo do cometa se volatilize. Por isso, o fen\u00f4meno \u00e9 um sinal claro de atividade comet\u00e1ria e n\u00e3o de tecnologia extraterrestre.<\/p>\n<p class=\"jarvics:base-text-neutral-high-400 base-text-[calc(theme(fontSize.xs)_*_var(--font-size,_1))] base-font-normal base-font-primary base-text-neutral-low-500 base-text-left\">Em outubro, pesquisadores da Nasa j\u00e1 haviam observado jatos de \u00e1gua sendo ejetados do 3I\/Atlas \u201ccomo um hidrante aberto\u201d. As novas medi\u00e7\u00f5es confirmam que essa \u00e1gua estava sendo dissociada pela radia\u00e7\u00e3o solar \u00e0 medida que o cometa se aproximava do peri\u00e9lio, o ponto mais pr\u00f3ximo do Sol, ocorrido em 29 de outubro.<\/p>\n<p class=\"jarvics:base-text-neutral-high-400 base-text-[calc(theme(fontSize.xs)_*_var(--font-size,_1))] base-font-normal base-font-primary base-text-neutral-low-500 base-text-left\">O sinal de r\u00e1dio foi detectado em 24 de outubro, logo ap\u00f3s o cometa desaparecer brevemente atr\u00e1s do Sol. Durante essa passagem, o 3I\/Atlas apresentou um aumento de brilho inesperado e mudan\u00e7as de cor, o que refor\u00e7ou seu interesse cient\u00edfico, mas n\u00e3o indicou anomalias.<\/p>\n<p class=\"jarvics:base-text-neutral-high-400 base-text-[calc(theme(fontSize.xs)_*_var(--font-size,_1))] base-font-normal base-font-primary base-text-neutral-low-500 base-text-left\">Ap\u00f3s reaparecer, o cometa chegou a ser visto sem cauda, mas observa\u00e7\u00f5es posteriores mostraram que o fen\u00f4meno era apenas resultado de \u00e2ngulos de ilumina\u00e7\u00e3o. O objeto tamb\u00e9m exibe outras caracter\u00edsticas peculiares, como excesso de di\u00f3xido de carbono e uma superf\u00edcie altamente irradiada, fatores j\u00e1 explicados pela astronomia convencional.<\/p>\n<p class=\"jarvics:base-text-neutral-high-400 base-text-[calc(theme(fontSize.xs)_*_var(--font-size,_1))] base-font-normal base-font-primary base-text-neutral-low-500 base-text-left\">A equipe de pesquisa enfatiza que todos os dados obtidos refor\u00e7am a natureza natural do 3I\/Atlas. O objeto, apesar de interestelar e de trajet\u00f3ria \u00fanica, compartilha comportamentos t\u00edpicos de cometas comuns, especialmente na intera\u00e7\u00e3o com a radia\u00e7\u00e3o solar.<\/p>\n<p class=\"jarvics:base-text-neutral-high-400 base-text-[calc(theme(fontSize.xs)_*_var(--font-size,_1))] base-font-normal base-font-primary base-text-neutral-low-500 base-text-left\">O 3I\/Atlas \u00e9 apenas o terceiro objeto interestelar j\u00e1 identificado em visita ao nosso sistema. Ele foi observado pela primeira vez em julho, viajando a mais de 210 mil quil\u00f4metros por hora em dire\u00e7\u00e3o ao Sol. Segundo os pesquisadores, trata-se de um cometa expulso de um sistema estelar distante h\u00e1 cerca de sete bilh\u00f5es de anos, provavelmente vindo de uma regi\u00e3o remota da Via L\u00e1ctea.<\/p>\n<p><video controls=\"\" class=\"video-js\" preload=\"metadata\" poster=\"https:\/\/d22yf0mxeu0gma.cloudfront.net\/10-28-2025\/t_8763e8db4c534f2eb235c21457e483ef_name_file_960x540_1600_v4_.jpg\" title=\"Objeto luminoso visto no c&#xE9;u de Bras&#xED;lia era lixo espacial de foguete chin&#xEA;s\" data-sprite-url=\"\" data-metadata=\"{&quot;title&quot;:&quot;Objeto luminoso visto no c&#xE9;u de Bras&#xED;lia era lixo espacial de foguete chin&#xEA;s&quot;,&quot;sectionName&quot;:&quot;R7&quot;,&quot;mainSection&quot;:&quot;Internacional&quot;,&quot;subSection&quot;:&quot;&quot;,&quot;views&quot;:&quot;&quot;,&quot;disableAdv&quot;:&quot;false&quot;,&quot;createdDate&quot;:&quot;2025-10-28T21:52:49Z&quot;,&quot;mainSectionUrl&quot;:&quot;https:\/\/noticias.r7.com\/brasilia\/cidade-alerta-df\/video\/objeto-luminoso-visto-no-ceu-de-brasilia-era-lixo-espacial-de-foguete-chines-28102025\/&quot;,&quot;sectionPath&quot;:&quot;https:\/\/noticias.r7.com\/brasilia\/cidade-alerta-df&quot;,&quot;ageRating&quot;:&quot;&quot;,&quot;ageRatingDescription&quot;:&quot;&quot;,&quot;duration&quot;:375509,&quot;playerUrl&quot;:&quot;https:\/\/noticias.r7.com\/player\/77c010cf-cb5d-4766-8817-822b34f623fe\/&quot;}\" data-player-params=\"{&quot;p&quot;:&quot;true&quot;,&quot;autoPlay&quot;:&quot;false&quot;,&quot;logo&quot;:&quot;true&quot;,&quot;playlistId&quot;:&quot;false&quot;,&quot;calhau&quot;:&quot;false&quot;,&quot;share&quot;:&quot;true&quot;,&quot;sz&quot;:&quot;false&quot;,&quot;full&quot;:&quot;true&quot;,&quot;customAdHash&quot;:&quot;\/7542\/r7noticias\/internacional&quot;,&quot;referrerUrl&quot;:&quot;&quot;,&quot;externalLinks&quot;:&quot;true&quot;,&quot;debug&quot;:&quot;false&quot;,&quot;debugHash&quot;:&quot;false&quot;,&quot;debugRelated&quot;:&quot;false&quot;,&quot;timerRelated&quot;:&quot;true&quot;,&quot;logoRecord&quot;:&quot;false&quot;,&quot;contextModal&quot;:&quot;false&quot;,&quot;parentUrl&quot;:&quot;https:\/\/record.r7.com\/&quot;,&quot;t&quot;:&quot;0&quot;,&quot;noTitle&quot;:false,&quot;endBehavior&quot;:&quot;default&quot;}\" data-related-videos=\"[{&quot;title&quot;:&quot;C&#xE2;meras registram momento em que carro bate em poste e mata motorista em Sobradinho (DF)&quot;,&quot;thumb&quot;:&quot;https:\/\/d22yf0mxeu0gma.cloudfront.net\/11-13-2025\/t_0056354e15d144d88f0b83c8d6fefd4e_name_file_960x540_1600_v4_.jpg&quot;,&quot;url&quot;:&quot;https:\/\/noticias.r7.com\/brasilia\/cidade-alerta-df\/video\/cameras-registram-momento-em-que-carro-bate-em-poste-e-mata-motorista-em-sobradinho-df-13112025\/&quot;,&quot;embedUrl&quot;:&quot;https:\/\/noticias.r7.com\/player\/45bc2cfb-e807-4144-af8d-602d4136622a\/&quot;},{&quot;title&quot;:&quot;Homem morre ao salvar filho de 13 anos de atropelamento no Parano&#xE1; (DF)&quot;,&quot;thumb&quot;:&quot;https:\/\/d22yf0mxeu0gma.cloudfront.net\/11-13-2025\/t_f25a441966284f2f8abf27a90a3c62f5_name_file_960x540_1600_v4_.jpg&quot;,&quot;url&quot;:&quot;https:\/\/noticias.r7.com\/brasilia\/cidade-alerta-df\/video\/homem-morre-ao-salvar-filho-de-13-anos-de-atropelamento-no-paranoa-df-13112025\/&quot;,&quot;embedUrl&quot;:&quot;https:\/\/noticias.r7.com\/player\/58ec0f5c-3f0c-40b5-8dd6-9ad39bcfe421\/&quot;},{&quot;title&quot;:&quot;Dois acidentes em um dia deixam um morto e um ferido na Ponte JK, em Bras&#xED;lia&quot;,&quot;thumb&quot;:&quot;https:\/\/d22yf0mxeu0gma.cloudfront.net\/11-12-2025\/t_e79aa04add2e488ab98d0a2b37da5cc0_name_file_960x540_1600_v4_.jpg&quot;,&quot;url&quot;:&quot;https:\/\/noticias.r7.com\/brasilia\/cidade-alerta-df\/video\/dois-acidentes-em-um-dia-deixam-um-morto-e-um-ferido-na-ponte-jk-em-brasilia-12112025\/&quot;,&quot;embedUrl&quot;:&quot;https:\/\/noticias.r7.com\/player\/23f9d098-9d9e-4743-911f-5525000ccb85\/&quot;}]\" data-player-url=\"https:\/\/noticias.r7.com\/player\/77c010cf-cb5d-4766-8817-822b34f623fe\/\" data-arc-video=\"\" data-arc-id=\"77c010cf-cb5d-4766-8817-822b34f623fe\" data-short=\"false\" style=\"visibility:hidden\"><\/video><\/p>\n<p class=\"jarvics:base-text-neutral-high-400 base-text-[calc(theme(fontSize.xs)_*_var(--font-size,_1))] base-font-normal base-font-primary base-text-neutral-low-500 base-text-left\"><b>Fique por dentro das principais not\u00edcias do dia no Brasil e no mundo. <\/b><a href=\"https:\/\/whatsapp.com\/channel\/0029Va6eEELGZNCyryabmO1m\" rel=\"nofollow noopener\" target=\"_blank\"><b>Siga o canal do R7<\/b><\/a><b>, o portal de not\u00edcias da Record, no WhatsApp<\/b><\/p>\n","protected":false},"excerpt":{"rendered":"LEIA AQUI O RESUMO DA NOT\u00cdCIA Astr\u00f4nomos confirmaram sinais de r\u00e1dio do cometa interestelar 3I\/Atlas, detectados pelo telesc\u00f3pio&hellip;\n","protected":false},"author":2,"featured_media":150364,"comment_status":"","ping_status":"","sticky":false,"template":"","format":"standard","meta":{"footnotes":""},"categories":[141],"tags":[443,10495,114,115,1976,149,150,1149,32,33],"class_list":{"0":"post-150363","1":"post","2":"type-post","3":"status-publish","4":"format-standard","5":"has-post-thumbnail","7":"category-musica","8":"tag-astronomia","9":"tag-cometa","10":"tag-entertainment","11":"tag-entretenimento","12":"tag-espaco-sideral","13":"tag-music","14":"tag-musica","15":"tag-nasa","16":"tag-portugal","17":"tag-pt"},"share_on_mastodon":{"url":"https:\/\/pubeurope.com\/@pt\/115541736764901439","error":""},"_links":{"self":[{"href":"https:\/\/www.europesays.com\/pt\/wp-json\/wp\/v2\/posts\/150363","targetHints":{"allow":["GET"]}}],"collection":[{"href":"https:\/\/www.europesays.com\/pt\/wp-json\/wp\/v2\/posts"}],"about":[{"href":"https:\/\/www.europesays.com\/pt\/wp-json\/wp\/v2\/types\/post"}],"author":[{"embeddable":true,"href":"https:\/\/www.europesays.com\/pt\/wp-json\/wp\/v2\/users\/2"}],"replies":[{"embeddable":true,"href":"https:\/\/www.europesays.com\/pt\/wp-json\/wp\/v2\/comments?post=150363"}],"version-history":[{"count":0,"href":"https:\/\/www.europesays.com\/pt\/wp-json\/wp\/v2\/posts\/150363\/revisions"}],"wp:featuredmedia":[{"embeddable":true,"href":"https:\/\/www.europesays.com\/pt\/wp-json\/wp\/v2\/media\/150364"}],"wp:attachment":[{"href":"https:\/\/www.europesays.com\/pt\/wp-json\/wp\/v2\/media?parent=150363"}],"wp:term":[{"taxonomy":"category","embeddable":true,"href":"https:\/\/www.europesays.com\/pt\/wp-json\/wp\/v2\/categories?post=150363"},{"taxonomy":"post_tag","embeddable":true,"href":"https:\/\/www.europesays.com\/pt\/wp-json\/wp\/v2\/tags?post=150363"}],"curies":[{"name":"wp","href":"https:\/\/api.w.org\/{rel}","templated":true}]}}