{"id":150380,"date":"2025-11-13T10:00:11","date_gmt":"2025-11-13T10:00:11","guid":{"rendered":"https:\/\/www.europesays.com\/pt\/150380\/"},"modified":"2025-11-13T10:00:11","modified_gmt":"2025-11-13T10:00:11","slug":"diddy-ve-libertacao-adiada-apos-novo-capitulo-de-problemas-na-prisao","status":"publish","type":"post","link":"https:\/\/www.europesays.com\/pt\/150380\/","title":{"rendered":"&#8220;Diddy&#8221; v\u00ea liberta\u00e7\u00e3o adiada ap\u00f3s novo cap\u00edtulo de problemas na pris\u00e3o"},"content":{"rendered":"<p data-remotead-prev-elm=\"true\" data-remotead-elm-id=\"inread\">Sean &#8220;Diddy&#8221; Combs vai ficar mais tempo na pris\u00e3o federal de baixa seguran\u00e7a em Fort Dix, Nova J\u00e9rsia, EUA. O m\u00fasico, que inicialmente deveria ser libertado a 8 de maio de 2028, viu essa data ser remarcada para 4 de junho do mesmo ano, confirmou o &#8220;Page Six&#8221;.<\/p>\n<p>As autoridades n\u00e3o explicaram o motivo exato da altera\u00e7\u00e3o, mas o novo calend\u00e1rio surge numa altura em que o artista volta a estar no centro de pol\u00e9micas por alegadas viola\u00e7\u00f5es das regras internas da pris\u00e3o.<\/p>\n<p>Na semana passada, o site TMZ avan\u00e7ou que Combs teria sido apanhado a consumir &#8220;\u00e1lcool caseiro&#8221;, preparado com a\u00e7\u00facar fermentado, refrigerante Fanta e ma\u00e7\u00e3s. Esta bebida improvisada, conhecida em v\u00e1rias pris\u00f5es norte-americanas, est\u00e1 expressamente proibida pelas autoridades federais.<\/p>\n<p data-remotead-prev-elm=\"true\" data-remotead-elm-id=\"centro1\">Um porta-voz de Diddy tentou desvalorizar o epis\u00f3dio, lembrando que o &#8220;rapper&#8221; estava &#8220;na sua primeira semana no FCI Fort Dix, depois de ter sido transferido do Metropolitan Detention Center, no Brooklyn, e est\u00e1 focado em ajustar-se, trabalhar em si pr\u00f3prio e fazer melhor a cada dia&#8221;.<\/p>\n<p>&#8220;Como acontece com qualquer figura p\u00fablica num ambiente novo, v\u00e3o surgir muitos rumores e hist\u00f3rias exageradas &#8211; a maioria falsa. Pedimos que lhe seja dado o benef\u00edcio da d\u00favida e a privacidade para se concentrar no seu crescimento pessoal&#8221;, acrescentou.<\/p>\n<p>Chamada de tr\u00eas vias aumenta press\u00e3o<\/p>\n<p>A situa\u00e7\u00e3o agravou-se quando, segundo a &#8220;CBS News&#8221;, Combs foi sancionado por participar numa chamada telef\u00f3nica de tr\u00eas vias. Estas chamadas, que permitem que tr\u00eas pessoas falem em simult\u00e2neo, s\u00e3o proibidas nas pris\u00f5es federais por contornarem o controlo das comunica\u00e7\u00f5es.<\/p>\n<p data-remotead-prev-elm=\"true\" data-remotead-elm-id=\"centro2\">A conversa ter\u00e1 acontecido a 3 de novembro, quatro dias antes da transfer\u00eancia de Diddy para Fort Dix. O m\u00fasico disse desconhecer a regra e alegou que n\u00e3o lhe foi entregue o manual de admiss\u00e3o e orienta\u00e7\u00e3o onde constam as normas de comunica\u00e7\u00e3o.<\/p>\n<p>O seu representante negou qualquer irregularidade, defendendo que se tratou de uma &#8220;chamada processual&#8221; abrangida pelo &#8220;privil\u00e9gio entre cliente e advogado&#8221;.<\/p>\n<p>Sean Combs est\u00e1 detido desde setembro de 2024, quando foi acusado de conspira\u00e7\u00e3o para extors\u00e3o, tr\u00e1fico sexual atrav\u00e9s de for\u00e7a, fraude ou coer\u00e7\u00e3o e transporte para fins de prostitui\u00e7\u00e3o. Durante o julgamento, iniciado em maio deste ano, acabou absolvido das acusa\u00e7\u00f5es mais graves, mas foi considerado culpado de duas acusa\u00e7\u00f5es de transporte para fins de prostitui\u00e7\u00e3o.<\/p>\n<p data-remotead-prev-elm=\"true\" data-remotead-elm-id=\"centro3\"><img decoding=\"async\" class=\"ngx-body\" guid=\"55a09a60-322b-4346-9ed1-635edd8bc60f\" src=\"https:\/\/www.europesays.com\/pt\/wp-content\/uploads\/2025\/11\/1763028011_880_image.jpg\" width=\"100%\"\/>Em imagem divulgado pela esta\u00e7\u00e3o norte-americana americana CBS, &#8220;rapper&#8221; aparece irreconhec\u00edvel, de barba e cabelo grisalhos (Imagem captada da CBS News)<\/p>\n<p>Em outubro, foi condenado a quatro anos e dois meses de pris\u00e3o, al\u00e9m de uma multa de quinhentos mil d\u00f3lares. O tribunal obrigou ainda o m\u00fasico a participar em programas de sa\u00fade mental e de tratamento de depend\u00eancias.<\/p>\n<p>Agora, com a liberta\u00e7\u00e3o adiada e novos processos disciplinares a somarem-se ao seu registo, o percurso do outrora poderoso magnata da m\u00fasica continua a desmoronar-se, longe dos palcos e centrado num quotidiano de rotinas impostas entre muros e vigil\u00e2ncia apertada.<\/p>\n","protected":false},"excerpt":{"rendered":"Sean &#8220;Diddy&#8221; Combs vai ficar mais tempo na pris\u00e3o federal de baixa seguran\u00e7a em Fort Dix, Nova J\u00e9rsia,&hellip;\n","protected":false},"author":2,"featured_media":150381,"comment_status":"","ping_status":"","sticky":false,"template":"","format":"standard","meta":{"footnotes":""},"categories":[85],"tags":[22369,114,115,235,32,694,26932,33,9113,22220],"class_list":{"0":"post-150380","1":"post","2":"type-post","3":"status-publish","4":"format-standard","5":"has-post-thumbnail","7":"category-entretenimento","8":"tag-diddy","9":"tag-entertainment","10":"tag-entretenimento","11":"tag-estados-unidos","12":"tag-portugal","13":"tag-prisao","14":"tag-processo-disciplinar","15":"tag-pt","16":"tag-rapper","17":"tag-sean-diddy-combs"},"share_on_mastodon":{"url":"https:\/\/pubeurope.com\/@pt\/115541811270014669","error":""},"_links":{"self":[{"href":"https:\/\/www.europesays.com\/pt\/wp-json\/wp\/v2\/posts\/150380","targetHints":{"allow":["GET"]}}],"collection":[{"href":"https:\/\/www.europesays.com\/pt\/wp-json\/wp\/v2\/posts"}],"about":[{"href":"https:\/\/www.europesays.com\/pt\/wp-json\/wp\/v2\/types\/post"}],"author":[{"embeddable":true,"href":"https:\/\/www.europesays.com\/pt\/wp-json\/wp\/v2\/users\/2"}],"replies":[{"embeddable":true,"href":"https:\/\/www.europesays.com\/pt\/wp-json\/wp\/v2\/comments?post=150380"}],"version-history":[{"count":0,"href":"https:\/\/www.europesays.com\/pt\/wp-json\/wp\/v2\/posts\/150380\/revisions"}],"wp:featuredmedia":[{"embeddable":true,"href":"https:\/\/www.europesays.com\/pt\/wp-json\/wp\/v2\/media\/150381"}],"wp:attachment":[{"href":"https:\/\/www.europesays.com\/pt\/wp-json\/wp\/v2\/media?parent=150380"}],"wp:term":[{"taxonomy":"category","embeddable":true,"href":"https:\/\/www.europesays.com\/pt\/wp-json\/wp\/v2\/categories?post=150380"},{"taxonomy":"post_tag","embeddable":true,"href":"https:\/\/www.europesays.com\/pt\/wp-json\/wp\/v2\/tags?post=150380"}],"curies":[{"name":"wp","href":"https:\/\/api.w.org\/{rel}","templated":true}]}}