{"id":150416,"date":"2025-11-13T10:38:13","date_gmt":"2025-11-13T10:38:13","guid":{"rendered":"https:\/\/www.europesays.com\/pt\/150416\/"},"modified":"2025-11-13T10:38:13","modified_gmt":"2025-11-13T10:38:13","slug":"terra-forte-flor-fica-em-panico-ao-saber-que-rosinha-namora-com-o-irmao-tvi-player","status":"publish","type":"post","link":"https:\/\/www.europesays.com\/pt\/150416\/","title":{"rendered":"Terra Forte: Flor fica em p\u00e2nico ao saber que Rosinha namora com o irm\u00e3o &#8211; TVI Player"},"content":{"rendered":"<ol>\n<li><a href=\"https:\/\/news.google.com\/rss\/articles\/CBMijgFBVV95cUxOUVZTeURldTlvVkU2djNVeTh2QlQwSFhhU2xLc2NtbFdsTXZaRzMwUW9DZDR4aUd4RFZEWEVIT0ZDRFZxUG9KUlVCODdyLTd1eXNtWDBacnE1QV9jQ21OdGZYakx3SnpDVlkxbE45alhIc0ZjcWF4YXBFU3JsQ21PX3FkRktkV09CQWl3SXBR?oc=5\" target=\"_blank\" rel=\"nofollow noopener\">Terra Forte: Flor fica em p\u00e2nico ao saber que Rosinha namora com o irm\u00e3o<\/a>&nbsp;&nbsp;TVI Player<\/li>\n<li><a href=\"https:\/\/news.google.com\/rss\/articles\/CBMiswFBVV95cUxQLTZ6eTZHMlFmakd1eFowREpLNEpsOGFMQXFmOWlWOWliOXdOS09QQXQzenA0a3EyMlVPczFPSFpLMmVWNU92bzJpNE9TN2tfYjhHSUxSZTYzUTdmeFhVMDk5RnljOENfbWVZMkpMZFQ1X1FYMzMxMVhiZm5DTTZtMDJrcTcxNmtIcDhNTmRqdjBOampjN1ZmOEZnQXdQck80ckRrYWlDQnpCWnR4amxOT3ZPbw?oc=5\" target=\"_blank\" rel=\"nofollow noopener\">Terra Forte: Dudu e Dani s\u00e3o filhos de Manuel e de Maria de F\u00e1tima?<\/a>&nbsp;&nbsp;Maria.pt<\/li>\n<li><a href=\"https:\/\/news.google.com\/rss\/articles\/CBMimwFBVV95cUxOcHBWd1NIckFDWEk2VnNOMEp0RGFxMlRtMXR0T2UycGJ0dHVGM3BHdWhlbkx5anBsTTc4bkNmZ3ItWml1Q0RqUVoyZlNfU0NkQjFsMF9udUMwczBKWlVGcWdWLTFqcTRLZG9iOVFBdEpaWFp6U3pROWZCMElvMmt2aDRVa1lpLURSQnlWQ3VyY0dXWTZ6anlBWjFMVQ?oc=5\" target=\"_blank\" rel=\"nofollow noopener\">&#8216;Terra Forte&#8217;: Assassino! Pai dos g\u00e9meos de Maria de F\u00e1tima \u00e9 Ant\u00f3nio Capelo?<\/a>&nbsp;&nbsp;Dioguinho<\/li>\n<li><a href=\"https:\/\/news.google.com\/rss\/articles\/CBMiqwFBVV95cUxQblRHQWtFMlE1T2p4dVh5N3lCUXJYQmk0dE5veXMtWW5mLXdTdHdWUW5ZLW1DUWVhMldhLTVRbVpsTmV6NmdKMjJsQjRvazlwRzJkVDAwdl9ielpLUXJKMGJZRTNKTTNES1pLcmFCMXpEUTAxS3paQm1aenpWVXZIOEJ4N1o2c3lSTnNWRVdTaEVrUDk2ZXp4bVFKVUJwSDJwbkRfVEsxb1liSW8?oc=5\" target=\"_blank\" rel=\"nofollow noopener\">Terra Forte: Maria de F\u00e1tima engravidou de Manuel?<\/a>&nbsp;&nbsp;TVI<\/li>\n<li><a href=\"https:\/\/news.google.com\/rss\/articles\/CBMi0gFBVV95cUxOdjdNX29lNXNxSlctZTBnTEdDN0gwNGJ3WXRfMHd5S2tkXzJuS0g1cHpzMWF5ZXJoMklVLXRsd3dvMnBfQ3l1ODJORnZoaFlQREo0eTNWMDFOYVo4VWQxbllCaEl2eFJQMkM1MVpuRlVPX1Fwd1h6ZmI4eUFjOUphdFpUb094UDZPaVc0YWROZzFUeFFfNS1TZV9ER0VZc0tKUEFPY1ZIQzdJeTBRa014aWRueXgyQVR5RHI1S2g4U0lNaXFmdWpmajNHUGoyU1hfN0E?oc=5\" target=\"_blank\" rel=\"nofollow noopener\">Bomba em \u00abTerra Forte\u00bb: Dudu e Dani n\u00e3o s\u00e3o filhos de Sammy. Mas, sabemos quem \u00e9 o pai<\/a>&nbsp;&nbsp;TVI<\/li>\n<\/ol>\n","protected":false},"excerpt":{"rendered":"Terra Forte: Flor fica em p\u00e2nico ao saber que Rosinha namora com o irm\u00e3o&nbsp;&nbsp;TVI Player Terra Forte: Dudu&hellip;\n","protected":false},"author":2,"featured_media":150417,"comment_status":"","ping_status":"","sticky":false,"template":"","format":"standard","meta":{"footnotes":""},"categories":[142],"tags":[114,115,2931,32,33,18614,151,162],"class_list":{"0":"post-150416","1":"post","2":"type-post","3":"status-publish","4":"format-standard","5":"has-post-thumbnail","7":"category-tv","8":"tag-entertainment","9":"tag-entretenimento","10":"tag-novela","11":"tag-portugal","12":"tag-pt","13":"tag-terra-forte","14":"tag-tv","15":"tag-tvi"},"share_on_mastodon":{"url":"https:\/\/pubeurope.com\/@pt\/115541960521236373","error":""},"_links":{"self":[{"href":"https:\/\/www.europesays.com\/pt\/wp-json\/wp\/v2\/posts\/150416","targetHints":{"allow":["GET"]}}],"collection":[{"href":"https:\/\/www.europesays.com\/pt\/wp-json\/wp\/v2\/posts"}],"about":[{"href":"https:\/\/www.europesays.com\/pt\/wp-json\/wp\/v2\/types\/post"}],"author":[{"embeddable":true,"href":"https:\/\/www.europesays.com\/pt\/wp-json\/wp\/v2\/users\/2"}],"replies":[{"embeddable":true,"href":"https:\/\/www.europesays.com\/pt\/wp-json\/wp\/v2\/comments?post=150416"}],"version-history":[{"count":0,"href":"https:\/\/www.europesays.com\/pt\/wp-json\/wp\/v2\/posts\/150416\/revisions"}],"wp:featuredmedia":[{"embeddable":true,"href":"https:\/\/www.europesays.com\/pt\/wp-json\/wp\/v2\/media\/150417"}],"wp:attachment":[{"href":"https:\/\/www.europesays.com\/pt\/wp-json\/wp\/v2\/media?parent=150416"}],"wp:term":[{"taxonomy":"category","embeddable":true,"href":"https:\/\/www.europesays.com\/pt\/wp-json\/wp\/v2\/categories?post=150416"},{"taxonomy":"post_tag","embeddable":true,"href":"https:\/\/www.europesays.com\/pt\/wp-json\/wp\/v2\/tags?post=150416"}],"curies":[{"name":"wp","href":"https:\/\/api.w.org\/{rel}","templated":true}]}}