{"id":150432,"date":"2025-11-13T10:55:09","date_gmt":"2025-11-13T10:55:09","guid":{"rendered":"https:\/\/www.europesays.com\/pt\/150432\/"},"modified":"2025-11-13T10:55:09","modified_gmt":"2025-11-13T10:55:09","slug":"adele-regressa-para-se-estrear-no-cinema-e-logo-no-novo-e-bombastico-filme-de-tom-ford-nit","status":"publish","type":"post","link":"https:\/\/www.europesays.com\/pt\/150432\/","title":{"rendered":"Adele regressa para se estrear no cinema (e logo no novo e bomb\u00e1stico filme de Tom Ford) \u2014 NiT"},"content":{"rendered":"<p>Em julho de 2024, Adele anunciou uma longa pausa na carreira. Uma not\u00edcia que abalou milh\u00f5es de f\u00e3s em todo o mundo. Afastada dos palcos desde novembro do ano passado, prepara-se agora para um regresso em grande.<\/p>\n<p>A artista brit\u00e2nica vai integrar o elenco de \u201cCry To Heaven\u201d, novo filme realizado por Tom Ford e o primeiro do cineasta em quase uma d\u00e9cada. O realizador assinou obras como \u201cAnimais Noturnos\u201d (2016) e \u201cUm Homem Singular\u201d (2009).<\/p>\n<p>Baseado no livro hom\u00f3nimo de Anne Rice, publicado em 1982, o filme decorre na It\u00e1lia do s\u00e9culo XVIII e conta com um elenco de peso: Nicholas Hoult, Aaron Taylor-Johnson, Adele (na sua estreia no cinema), Ciar\u00e1n Hinds, George MacKay, Mark Strong, Colin Firth, Paul Bettany, Owen Cooper, Daniel Quinn-Toye, Hunter Schafer, Josephine Thiesen, Thandiwe Newton, Theodore Pellerin, Daryl McCormack, Cassian Bilton, Hauk Hannemann e Lux Pascal.<\/p>\n<p>A produ\u00e7\u00e3o encontra-se atualmente em pr\u00e9-produ\u00e7\u00e3o entre Londres e Roma. As filmagens principais t\u00eam in\u00edcio previsto para meados de janeiro, e a estreia est\u00e1 marcada para o outono de 2026.<\/p>\n<p>A narrativa acompanha a jornada de dois aliados improv\u00e1veis: um nobre veneziano e um cantor castrado da Cal\u00e1bria, ambos determinados a conquistar o mundo da \u00f3pera. O enredo aborda quest\u00f5es como identidade, trai\u00e7\u00e3o, amor e a luta pela liberdade pessoal e art\u00edstica, temas recorrentes na obra de Tom Ford, tanto no cinema como na moda.<\/p>\n<p>De acordo com a \u201cDeadline\u201d, Ford considerava este projeto como o seu pr\u00f3ximo grande trabalho desde 2023. No entanto, quis garantir que reunia o elenco ideal antes de avan\u00e7ar com a produ\u00e7\u00e3o. O realizador e antigo diretor criativo da Gucci e da Yves Saint Laurent optou por autofinanciar o filme e planeia mant\u00ea-lo sob controlo total at\u00e9 \u00e0 p\u00f3s-produ\u00e7\u00e3o.<\/p>\n<p>Carregue na galeria para conhecer alguns dos filmes que chegam ao streaming em novembro.<\/p>\n","protected":false},"excerpt":{"rendered":"Em julho de 2024, Adele anunciou uma longa pausa na carreira. Uma not\u00edcia que abalou milh\u00f5es de f\u00e3s&hellip;\n","protected":false},"author":2,"featured_media":150433,"comment_status":"","ping_status":"","sticky":false,"template":"","format":"standard","meta":{"footnotes":""},"categories":[140],"tags":[114,115,147,148,146,32,33],"class_list":{"0":"post-150432","1":"post","2":"type-post","3":"status-publish","4":"format-standard","5":"has-post-thumbnail","7":"category-filmes","8":"tag-entertainment","9":"tag-entretenimento","10":"tag-film","11":"tag-filmes","12":"tag-movies","13":"tag-portugal","14":"tag-pt"},"share_on_mastodon":{"url":"https:\/\/pubeurope.com\/@pt\/115542027500994138","error":""},"_links":{"self":[{"href":"https:\/\/www.europesays.com\/pt\/wp-json\/wp\/v2\/posts\/150432","targetHints":{"allow":["GET"]}}],"collection":[{"href":"https:\/\/www.europesays.com\/pt\/wp-json\/wp\/v2\/posts"}],"about":[{"href":"https:\/\/www.europesays.com\/pt\/wp-json\/wp\/v2\/types\/post"}],"author":[{"embeddable":true,"href":"https:\/\/www.europesays.com\/pt\/wp-json\/wp\/v2\/users\/2"}],"replies":[{"embeddable":true,"href":"https:\/\/www.europesays.com\/pt\/wp-json\/wp\/v2\/comments?post=150432"}],"version-history":[{"count":0,"href":"https:\/\/www.europesays.com\/pt\/wp-json\/wp\/v2\/posts\/150432\/revisions"}],"wp:featuredmedia":[{"embeddable":true,"href":"https:\/\/www.europesays.com\/pt\/wp-json\/wp\/v2\/media\/150433"}],"wp:attachment":[{"href":"https:\/\/www.europesays.com\/pt\/wp-json\/wp\/v2\/media?parent=150432"}],"wp:term":[{"taxonomy":"category","embeddable":true,"href":"https:\/\/www.europesays.com\/pt\/wp-json\/wp\/v2\/categories?post=150432"},{"taxonomy":"post_tag","embeddable":true,"href":"https:\/\/www.europesays.com\/pt\/wp-json\/wp\/v2\/tags?post=150432"}],"curies":[{"name":"wp","href":"https:\/\/api.w.org\/{rel}","templated":true}]}}