{"id":150483,"date":"2025-11-13T11:47:09","date_gmt":"2025-11-13T11:47:09","guid":{"rendered":"https:\/\/www.europesays.com\/pt\/150483\/"},"modified":"2025-11-13T11:47:09","modified_gmt":"2025-11-13T11:47:09","slug":"jackie-chan-decide-doar-fortuna-de-350-milhoes-e-nao-deixa-nada-aos-filhos","status":"publish","type":"post","link":"https:\/\/www.europesays.com\/pt\/150483\/","title":{"rendered":"Jackie Chan decide doar fortuna de 350 milh\u00f5es&#8230; e n\u00e3o deixa nada aos filhos!"},"content":{"rendered":"<p><a href=\"https:\/\/selfie.iol.pt\/geral\/15-10-2017\/jackie-chan-das-artes-marciais-para-as-malhas-do-terrorismo\" target=\"_blank\" rel=\"nofollow noopener\">Jackie Chan<\/a>, um dos maiores \u00edcones do cinema de a\u00e7\u00e3o e das artes marciais, tomou a decis\u00e3o de doar a fortuna, avaliada em\u00a0cerca de 350 milh\u00f5es de euros.<\/p>\n<p>A fortuna ser\u00e1 integralmente destinada a institui\u00e7\u00f5es de caridade.<\/p>\n<p>Com esta decis\u00e3o, os filhos do ator n\u00e3o receber\u00e3o qualquer parte da heran\u00e7a.\u00a0<\/p>\n<p>Recorde-se que a rela\u00e7\u00e3o entre Jackie Chan e o filho,\u00a0Jaycee Chan, tem sido marcada por altos e baixos ao longo dos anos e o ator j\u00e1 afirmou em diversas entrevistas: &#8220;Se o meu filho for capaz, criar\u00e1 o pr\u00f3prio dinheiro; se n\u00e3o for, s\u00f3 desperdi\u00e7ar\u00e1 o meu.&#8221;<\/p>\n","protected":false},"excerpt":{"rendered":"Jackie Chan, um dos maiores \u00edcones do cinema de a\u00e7\u00e3o e das artes marciais, tomou a decis\u00e3o de&hellip;\n","protected":false},"author":2,"featured_media":150484,"comment_status":"","ping_status":"","sticky":false,"template":"","format":"standard","meta":{"footnotes":""},"categories":[145],"tags":[211,210,13817,114,115,980,20460,12575,82,8153,32,33,1012],"class_list":{"0":"post-150483","1":"post","2":"type-post","3":"status-publish","4":"format-standard","5":"has-post-thumbnail","7":"category-celebridades","8":"tag-celebridades","9":"tag-celebrities","10":"tag-doacao","11":"tag-entertainment","12":"tag-entretenimento","13":"tag-famosos","14":"tag-fortuna","15":"tag-heranca","16":"tag-internacional","17":"tag-jackie-chan","18":"tag-portugal","19":"tag-pt","20":"tag-selfie"},"share_on_mastodon":{"url":"https:\/\/pubeurope.com\/@pt\/115542231842480044","error":""},"_links":{"self":[{"href":"https:\/\/www.europesays.com\/pt\/wp-json\/wp\/v2\/posts\/150483","targetHints":{"allow":["GET"]}}],"collection":[{"href":"https:\/\/www.europesays.com\/pt\/wp-json\/wp\/v2\/posts"}],"about":[{"href":"https:\/\/www.europesays.com\/pt\/wp-json\/wp\/v2\/types\/post"}],"author":[{"embeddable":true,"href":"https:\/\/www.europesays.com\/pt\/wp-json\/wp\/v2\/users\/2"}],"replies":[{"embeddable":true,"href":"https:\/\/www.europesays.com\/pt\/wp-json\/wp\/v2\/comments?post=150483"}],"version-history":[{"count":0,"href":"https:\/\/www.europesays.com\/pt\/wp-json\/wp\/v2\/posts\/150483\/revisions"}],"wp:featuredmedia":[{"embeddable":true,"href":"https:\/\/www.europesays.com\/pt\/wp-json\/wp\/v2\/media\/150484"}],"wp:attachment":[{"href":"https:\/\/www.europesays.com\/pt\/wp-json\/wp\/v2\/media?parent=150483"}],"wp:term":[{"taxonomy":"category","embeddable":true,"href":"https:\/\/www.europesays.com\/pt\/wp-json\/wp\/v2\/categories?post=150483"},{"taxonomy":"post_tag","embeddable":true,"href":"https:\/\/www.europesays.com\/pt\/wp-json\/wp\/v2\/tags?post=150483"}],"curies":[{"name":"wp","href":"https:\/\/api.w.org\/{rel}","templated":true}]}}