{"id":150493,"date":"2025-11-13T11:58:18","date_gmt":"2025-11-13T11:58:18","guid":{"rendered":"https:\/\/www.europesays.com\/pt\/150493\/"},"modified":"2025-11-13T11:58:18","modified_gmt":"2025-11-13T11:58:18","slug":"ministra-ucraniana-da-energia-demite-se-apos-apelo-de-zelensky","status":"publish","type":"post","link":"https:\/\/www.europesays.com\/pt\/150493\/","title":{"rendered":"Ministra ucraniana da Energia demite-se ap\u00f3s apelo de Zelensky"},"content":{"rendered":"<p data-remotead-prev-elm=\"true\" data-remotead-elm-id=\"inread\">&#8220;Escrevi uma carta de demiss\u00e3o. O cargo nunca foi um fim em si mesmo para mim&#8221;, anunciou a ministra nas redes sociais, segundo a ag\u00eancia de not\u00edcias Ukrinform.<\/p>\n<p>Grinchuk alegou que n\u00e3o houve quaisquer viola\u00e7\u00f5es da lei no \u00e2mbito da sua atividade profissional.<\/p>\n<p>&#8220;Quanto \u00e0s especula\u00e7\u00f5es relativas \u00e0s minhas rela\u00e7\u00f5es pessoais, qualquer especula\u00e7\u00e3o sobre este t\u00f3pico \u00e9 inapropriada. Deve haver um limite para tudo&#8221;, acrescentou.<\/p>\n<p data-remotead-prev-elm=\"true\" data-remotead-elm-id=\"centro1\">O an\u00fancio ocorreu pouco depois de Zelensky ter anunciado que tinha pedido \u00e0 primeira-ministra, Yulia Svirydenko, que demitisse Grinchuk e o ministro da Justi\u00e7a, Herman Galushchenko, que foi respons\u00e1vel pela pasta da Energia at\u00e9 julho.<\/p>\n<p>&#8220;O ministro da Justi\u00e7a e a ministra da Energia n\u00e3o podem permanecer nos cargos&#8221;, declarou Zelensky numa mensagem publicada nas redes sociais.<\/p>\n<p>Segundo a imprensa ucraniana, Galushchenko \u00e9 suspeito de ter feito parte de um suposto esquema de comiss\u00f5es na empresa p\u00fablica de energia at\u00f3mica, a Energoatom, quando era ministro da Energia.<\/p>\n<p data-remotead-prev-elm=\"true\" data-remotead-elm-id=\"centro2\">Galushenko j\u00e1 tinha sido suspenso de fun\u00e7\u00f5es pela primeira-ministra, que anunciou entretanto ter enviado uma mo\u00e7\u00e3o ao parlamento para aprovar as demiss\u00f5es.<\/p>\n<p>&#8220;Submetida \u00e0 considera\u00e7\u00e3o da Verkhovna Rada [parlamento] uma mo\u00e7\u00e3o para demitir o ministro da Justi\u00e7a, Herman Galushchenko, e a ministra da Energia, Svitlana Hrynchuk&#8221;, anunciou a chefe do Governo nas redes sociais, segundo a Ukrinform.<\/p>\n<p>Em declara\u00e7\u00f5es citadas pela ag\u00eancia noticiosa ucraniana, Galushchenko disse concordar com a decis\u00e3o da primeira-ministra, embora aludisse \u00e0 suspens\u00e3o de fun\u00e7\u00f5es e n\u00e3o \u00e0 demiss\u00e3o.<\/p>\n<p data-remotead-prev-elm=\"true\" data-remotead-elm-id=\"centro3\">&#8220;Conversei com a primeira-ministra da Ucr\u00e2nia, Yulia Svirydenko. Concordo plenamente: \u00e9 preciso tomar uma decis\u00e3o pol\u00edtica e s\u00f3 depois lidar com todos os detalhes&#8221;, afirmou.<\/p>\n<p>&#8220;Acredito que a suspens\u00e3o durante o per\u00edodo da investiga\u00e7\u00e3o \u00e9 um cen\u00e1rio civilizado e correto&#8221;, observou Galushchenko, acrescentando que se defender\u00e1 legalmente e provar\u00e1 a sua posi\u00e7\u00e3o.<\/p>\n<p>O caso foi revelado na segunda-feira pelo Gabinete Anticorrup\u00e7\u00e3o da Ucr\u00e2nia (NABU).<\/p>\n<p data-remotead-prev-elm=\"true\" data-remotead-elm-id=\"centro4\">O empres\u00e1rio Timur Mindich, ex-s\u00f3cio de Zelensky e propriet\u00e1rio de 50% da produtora que ambos fundaram quando o atual presidente era ator, foi apontado como suspeito de liderar o alegado esquema de corrup\u00e7\u00e3o.<\/p>\n<p>Mindich fugiu do pa\u00eds horas antes de elementos do NABU iniciarem uma opera\u00e7\u00e3o de buscas na segunda-feira, durante a qual foram detidos cinco suspeitos, segundo a imprensa ucraniana.<\/p>\n","protected":false},"excerpt":{"rendered":"&#8220;Escrevi uma carta de demiss\u00e3o. O cargo nunca foi um fim em si mesmo para mim&#8221;, anunciou a&hellip;\n","protected":false},"author":2,"featured_media":150494,"comment_status":"","ping_status":"","sticky":false,"template":"","format":"standard","meta":{"footnotes":""},"categories":[50],"tags":[27,28,15,16,889,14,25,26,21,22,62,12,13,19,20,23,24,17,18,840,29,30,31,2416,63,64,65],"class_list":{"0":"post-150493","1":"post","2":"type-post","3":"status-publish","4":"format-standard","5":"has-post-thumbnail","7":"category-mundo","8":"tag-breaking-news","9":"tag-breakingnews","10":"tag-featured-news","11":"tag-featurednews","12":"tag-guerra-na-ucrania","13":"tag-headlines","14":"tag-latest-news","15":"tag-latestnews","16":"tag-main-news","17":"tag-mainnews","18":"tag-mundo","19":"tag-news","20":"tag-noticias","21":"tag-noticias-principais","22":"tag-noticiasprincipais","23":"tag-principais-noticias","24":"tag-principaisnoticias","25":"tag-top-stories","26":"tag-topstories","27":"tag-ucrania","28":"tag-ultimas","29":"tag-ultimas-noticias","30":"tag-ultimasnoticias","31":"tag-volodymyr-zelensky","32":"tag-world","33":"tag-world-news","34":"tag-worldnews"},"share_on_mastodon":{"url":"https:\/\/pubeurope.com\/@pt\/115542275247040478","error":""},"_links":{"self":[{"href":"https:\/\/www.europesays.com\/pt\/wp-json\/wp\/v2\/posts\/150493","targetHints":{"allow":["GET"]}}],"collection":[{"href":"https:\/\/www.europesays.com\/pt\/wp-json\/wp\/v2\/posts"}],"about":[{"href":"https:\/\/www.europesays.com\/pt\/wp-json\/wp\/v2\/types\/post"}],"author":[{"embeddable":true,"href":"https:\/\/www.europesays.com\/pt\/wp-json\/wp\/v2\/users\/2"}],"replies":[{"embeddable":true,"href":"https:\/\/www.europesays.com\/pt\/wp-json\/wp\/v2\/comments?post=150493"}],"version-history":[{"count":0,"href":"https:\/\/www.europesays.com\/pt\/wp-json\/wp\/v2\/posts\/150493\/revisions"}],"wp:featuredmedia":[{"embeddable":true,"href":"https:\/\/www.europesays.com\/pt\/wp-json\/wp\/v2\/media\/150494"}],"wp:attachment":[{"href":"https:\/\/www.europesays.com\/pt\/wp-json\/wp\/v2\/media?parent=150493"}],"wp:term":[{"taxonomy":"category","embeddable":true,"href":"https:\/\/www.europesays.com\/pt\/wp-json\/wp\/v2\/categories?post=150493"},{"taxonomy":"post_tag","embeddable":true,"href":"https:\/\/www.europesays.com\/pt\/wp-json\/wp\/v2\/tags?post=150493"}],"curies":[{"name":"wp","href":"https:\/\/api.w.org\/{rel}","templated":true}]}}