{"id":150497,"date":"2025-11-13T12:00:21","date_gmt":"2025-11-13T12:00:21","guid":{"rendered":"https:\/\/www.europesays.com\/pt\/150497\/"},"modified":"2025-11-13T12:00:21","modified_gmt":"2025-11-13T12:00:21","slug":"mau-tempo-faz-duas-vitimas-em-fernao-ferro-casal-de-idosos-morre-dentro-de-casa-inundada","status":"publish","type":"post","link":"https:\/\/www.europesays.com\/pt\/150497\/","title":{"rendered":"Mau tempo faz duas v\u00edtimas em Fern\u00e3o Ferro: casal de idosos morre dentro de casa inundada"},"content":{"rendered":"<p>\t                As v\u00edtimas, com 88 anos, foram surpreendidas pela subida repentina das \u00e1guas<\/p>\n<p>Um casal de idosos morreu esta quinta-feira, dentro de casa, em Fern\u00e3o Ferro, distrito de Set\u00fabal, que ficou inundada devido ao mau tempo, apurou a CNN Portugal.<\/p>\n<p>As v\u00edtimas, com 88 anos, estariam a dormir quando a casa foi atingida pela subida repentina das \u00e1guas. A CNN Portugal apurou que o casal, por viver sozinho, tinha um bot\u00e3o de p\u00e2nico, que n\u00e3o foi acionado, indiciando que foram surpreendidos.<\/p>\n<p>O alerta foi recebido \u00e0s 09:15, ap\u00f3s alerta da fam\u00edlia, que se apercebeu que a zona onde as v\u00edtimas moravam estava alagada. Uma patrulha da GNR deslocou-se ao local para abrir a porta e os bombeiros, que tamb\u00e9m foram chamados, ainda realizaram manobras de reanima\u00e7\u00e3o at\u00e9 \u00e0 chegada do INEM, mas o \u00f3bito acabou por ser declarado no local.<\/p>\n<p>O comandante dos bombeiros Paulo Santos confirmou \u00e0 CNN Portugal que o casal &#8220;ficou preso em casa&#8221;, que ficava &#8220;numa zona baixa&#8221;, lembrando que esta &#8220;\u00e9 uma situa\u00e7\u00e3o pouco habitual&#8221; e terminou em trag\u00e9dia por falta &#8220;de rea\u00e7\u00e3o das pessoas&#8221;.\u00a0<\/p>\n<p>O distrito de Set\u00fabal est\u00e1, neste momento, sob aviso laranja devido \u00e0 depress\u00e3o Claudia, mas j\u00e1 esteve sob aviso vermelho.<\/p>\n<p>Na Estrada Nacional (EN) 378, entre o Seixal e Sesimbra, houve v\u00e1rios carros bloqueados devido a inunda\u00e7\u00f5es.<\/p>\n<p>Em Set\u00fabal, segundo o comandante dos sapadores bombeiros, foram registadas 64 ocorr\u00eancias, a maior parte das quais inunda\u00e7\u00f5es, na zona de Azeit\u00e3o.<\/p>\n<p>De acordo com as informa\u00e7\u00f5es recolhidas pelos servi\u00e7os municipais de prote\u00e7\u00e3o civil, as situa\u00e7\u00f5es mais complicadas ocorreram no Seixal.<\/p>\n","protected":false},"excerpt":{"rendered":"As v\u00edtimas, com 88 anos, foram surpreendidas pela subida repentina das \u00e1guas Um casal de idosos morreu esta&hellip;\n","protected":false},"author":2,"featured_media":150498,"comment_status":"","ping_status":"","sticky":false,"template":"","format":"standard","meta":{"footnotes":""},"categories":[8],"tags":[609,836,611,27,28,607,608,333,832,604,32282,135,610,476,15,16,32730,301,830,14,32731,603,25,26,570,21,22,831,833,32729,62,834,12,13,19,20,835,602,52,32,23,24,33,32728,17,18,29,30,31],"class_list":{"0":"post-150497","1":"post","2":"type-post","3":"status-publish","4":"format-standard","5":"has-post-thumbnail","7":"category-principais-noticias","8":"tag-alerta","9":"tag-analise","10":"tag-ao-minuto","11":"tag-breaking-news","12":"tag-breakingnews","13":"tag-cnn","14":"tag-cnn-portugal","15":"tag-comentadores","16":"tag-costa","17":"tag-crime","18":"tag-depressao-claudia","19":"tag-desporto","20":"tag-direto","21":"tag-economia","22":"tag-featured-news","23":"tag-featurednews","24":"tag-fernao-ferro","25":"tag-governo","26":"tag-guerra","27":"tag-headlines","28":"tag-inundacoes-portugal","29":"tag-justica","30":"tag-latest-news","31":"tag-latestnews","32":"tag-live","33":"tag-main-news","34":"tag-mainnews","35":"tag-mais-vistas","36":"tag-marcelo","37":"tag-mau-tempo-portugal","38":"tag-mundo","39":"tag-negocios","40":"tag-news","41":"tag-noticias","42":"tag-noticias-principais","43":"tag-noticiasprincipais","44":"tag-opiniao","45":"tag-pais","46":"tag-politica","47":"tag-portugal","48":"tag-principais-noticias","49":"tag-principaisnoticias","50":"tag-pt","51":"tag-tempestade-claudia-portugal","52":"tag-top-stories","53":"tag-topstories","54":"tag-ultimas","55":"tag-ultimas-noticias","56":"tag-ultimasnoticias"},"share_on_mastodon":{"url":"","error":"Validation failed: Text character limit of 500 exceeded"},"_links":{"self":[{"href":"https:\/\/www.europesays.com\/pt\/wp-json\/wp\/v2\/posts\/150497","targetHints":{"allow":["GET"]}}],"collection":[{"href":"https:\/\/www.europesays.com\/pt\/wp-json\/wp\/v2\/posts"}],"about":[{"href":"https:\/\/www.europesays.com\/pt\/wp-json\/wp\/v2\/types\/post"}],"author":[{"embeddable":true,"href":"https:\/\/www.europesays.com\/pt\/wp-json\/wp\/v2\/users\/2"}],"replies":[{"embeddable":true,"href":"https:\/\/www.europesays.com\/pt\/wp-json\/wp\/v2\/comments?post=150497"}],"version-history":[{"count":0,"href":"https:\/\/www.europesays.com\/pt\/wp-json\/wp\/v2\/posts\/150497\/revisions"}],"wp:featuredmedia":[{"embeddable":true,"href":"https:\/\/www.europesays.com\/pt\/wp-json\/wp\/v2\/media\/150498"}],"wp:attachment":[{"href":"https:\/\/www.europesays.com\/pt\/wp-json\/wp\/v2\/media?parent=150497"}],"wp:term":[{"taxonomy":"category","embeddable":true,"href":"https:\/\/www.europesays.com\/pt\/wp-json\/wp\/v2\/categories?post=150497"},{"taxonomy":"post_tag","embeddable":true,"href":"https:\/\/www.europesays.com\/pt\/wp-json\/wp\/v2\/tags?post=150497"}],"curies":[{"name":"wp","href":"https:\/\/api.w.org\/{rel}","templated":true}]}}