{"id":150513,"date":"2025-11-13T12:18:12","date_gmt":"2025-11-13T12:18:12","guid":{"rendered":"https:\/\/www.europesays.com\/pt\/150513\/"},"modified":"2025-11-13T12:18:12","modified_gmt":"2025-11-13T12:18:12","slug":"20-mil-sem-luz-e-86-ocorrencias-por-chuva","status":"publish","type":"post","link":"https:\/\/www.europesays.com\/pt\/150513\/","title":{"rendered":"20 Mil Sem Luz e 86 Ocorr\u00eancias por Chuva"},"content":{"rendered":"\n<p>A Autoridade Nacional de Emerg\u00eancia e Prote\u00e7\u00e3o Civil (ANEPC) registou 86 ocorr\u00eancias entre as 00:00 e as 06:00 desta quinta-feira, 13 de novembro, relacionadas com a chuva forte por causa da depress\u00e3o Claudia, sobretudo inunda\u00e7\u00f5es.<\/p>\n<p>\u201cEntre as 00:00 e as 06:00 de hoje foram registadas 86 ocorr\u00eancias, 68 das quais inunda\u00e7\u00f5es de vias, garagens, caixas de elevador, mas sem causar v\u00edtimas nem desalojados\u201d, adiantou \u00e0 Lusa Pedro Ara\u00fajo, da Autoridade Nacional de Emerg\u00eancia e Prote\u00e7\u00e3o Civil (ANEPC).<\/p>\n<p>As regi\u00f5es mais afetadas foram a Grande Lisboa, a Pen\u00ednsula de Set\u00fabal e o Oeste, disse a fonte, especificando que em Set\u00fabal foram registadas 43 ocorr\u00eancias, na Grande Lisboa 19 e no Oeste 13.<\/p>\n<p>Das 86 ocorr\u00eancias registadas, sobretudo entre as 03:00 e as 06:00 de hoje, 68 foram inunda\u00e7\u00f5es, seis quedas de \u00e1rvores e quatro movimentos de massa.<\/p>\n<p>\u201cNestas ocorr\u00eancias estiveram empenhados 184 operacionais, com o apoio de 56 meios\u201d, disse Pedro Ara\u00fajo.<\/p>\n<p>Portugal continental e o arquip\u00e9lago da Madeira est\u00e3o a ser afetados desde quarta-feira pelos efeitos da depress\u00e3o Claudia com chuva, vento e agita\u00e7\u00e3o mar\u00edtima fortes, segundo o Instituto Portugu\u00eas do Mar e da Atmosfera (IPMA).<\/p>\n<p>O IPMA elevou de laranja para vermelho, o mais grave, o aviso de chuva por vezes forte e persistente at\u00e9 \u00e0s 09:00.<\/p>\n<p>Nos distritos de Viseu, Porto, Guarda, Santar\u00e9m, Viana do Castelo, Lisboa, Leiria, Castelo Branco, Aveiro, Coimbra e Braga, o laranja vai estar em vigor at\u00e9 \u00e0s 09:00, devido \u00e0 &#8220;precipita\u00e7\u00e3o, por vezes forte e persistente&#8221;.<\/p>\n<p>O aviso para \u00c9vora, Beja e Portalegre estende-se at\u00e9 \u00e0s 12:00. J\u00e1 Faro encontra-se sob aviso laranja at\u00e9 \u00e0s 15:00 pelos mesmos motivos.<\/p>\n<p>Faro, Set\u00fabal, Lisboa e Beja est\u00e3o tamb\u00e9m sob aviso amarelo at\u00e9 ao fim de semana por causa da agita\u00e7\u00e3o mar\u00edtima, com a possibilidade de &#8220;ondas de sudoeste com 04 a 5,5 metros, em especial no barlavento.<\/p>\n<p>O aviso laranja \u00e9 emitido pelo IPMA sempre que existe &#8220;situa\u00e7\u00e3o meteorol\u00f3gica de risco moderado a elevado, e o amarelo, quando h\u00e1 uma situa\u00e7\u00e3o de risco para determinadas atividades dependentes da situa\u00e7\u00e3o meteorol\u00f3gica.<\/p>\n","protected":false},"excerpt":{"rendered":"A Autoridade Nacional de Emerg\u00eancia e Prote\u00e7\u00e3o Civil (ANEPC) registou 86 ocorr\u00eancias entre as 00:00 e as 06:00&hellip;\n","protected":false},"author":2,"featured_media":150514,"comment_status":"","ping_status":"","sticky":false,"template":"","format":"standard","meta":{"footnotes":""},"categories":[10],"tags":[27,28,15,16,14,25,26,21,22,8532,12,13,19,20,32,23,24,33,17,18,29,30,31],"class_list":{"0":"post-150513","1":"post","2":"type-post","3":"status-publish","4":"format-standard","5":"has-post-thumbnail","7":"category-portugal","8":"tag-breaking-news","9":"tag-breakingnews","10":"tag-featured-news","11":"tag-featurednews","12":"tag-headlines","13":"tag-latest-news","14":"tag-latestnews","15":"tag-main-news","16":"tag-mainnews","17":"tag-mau-tempo","18":"tag-news","19":"tag-noticias","20":"tag-noticias-principais","21":"tag-noticiasprincipais","22":"tag-portugal","23":"tag-principais-noticias","24":"tag-principaisnoticias","25":"tag-pt","26":"tag-top-stories","27":"tag-topstories","28":"tag-ultimas","29":"tag-ultimas-noticias","30":"tag-ultimasnoticias"},"share_on_mastodon":{"url":"https:\/\/pubeurope.com\/@pt\/115542354024184631","error":""},"_links":{"self":[{"href":"https:\/\/www.europesays.com\/pt\/wp-json\/wp\/v2\/posts\/150513","targetHints":{"allow":["GET"]}}],"collection":[{"href":"https:\/\/www.europesays.com\/pt\/wp-json\/wp\/v2\/posts"}],"about":[{"href":"https:\/\/www.europesays.com\/pt\/wp-json\/wp\/v2\/types\/post"}],"author":[{"embeddable":true,"href":"https:\/\/www.europesays.com\/pt\/wp-json\/wp\/v2\/users\/2"}],"replies":[{"embeddable":true,"href":"https:\/\/www.europesays.com\/pt\/wp-json\/wp\/v2\/comments?post=150513"}],"version-history":[{"count":0,"href":"https:\/\/www.europesays.com\/pt\/wp-json\/wp\/v2\/posts\/150513\/revisions"}],"wp:featuredmedia":[{"embeddable":true,"href":"https:\/\/www.europesays.com\/pt\/wp-json\/wp\/v2\/media\/150514"}],"wp:attachment":[{"href":"https:\/\/www.europesays.com\/pt\/wp-json\/wp\/v2\/media?parent=150513"}],"wp:term":[{"taxonomy":"category","embeddable":true,"href":"https:\/\/www.europesays.com\/pt\/wp-json\/wp\/v2\/categories?post=150513"},{"taxonomy":"post_tag","embeddable":true,"href":"https:\/\/www.europesays.com\/pt\/wp-json\/wp\/v2\/tags?post=150513"}],"curies":[{"name":"wp","href":"https:\/\/api.w.org\/{rel}","templated":true}]}}