{"id":150517,"date":"2025-11-13T12:20:08","date_gmt":"2025-11-13T12:20:08","guid":{"rendered":"https:\/\/www.europesays.com\/pt\/150517\/"},"modified":"2025-11-13T12:20:08","modified_gmt":"2025-11-13T12:20:08","slug":"virginia-fonseca-disputa-e-leva-experiencia-exclusiva-com-vini-jr","status":"publish","type":"post","link":"https:\/\/www.europesays.com\/pt\/150517\/","title":{"rendered":"Virginia Fonseca disputa e leva experi\u00eancia exclusiva com Vini Jr"},"content":{"rendered":"<p>Virginia Fonseca, de 26 anos, esteve no Leil\u00e3o Gal\u00e1cticos, organizado por Ronaldo Fen\u00f4meno e Celina Locks na noite de quarta-feira (12\/11), em S\u00e3o Paulo. Al\u00e9m de ser uma das apresentadoras do evento, a influenciadora participou e ganhou um dos lotes mais concorridos da noite: uma viv\u00eancia \u00fanica com o jogador Vini Jr., adquirida por R$ 350 mil.<\/p>\n<p>O pacote inclu\u00eda uma partida de p\u00e1del \u2014 esporte semelhante ao t\u00eanis, mas jogado em duplas \u2014 na resid\u00eancia do \u00eddolo em Madri, ao lado do pr\u00f3prio esportista, em um ambiente \u00edntimo e relaxado. Al\u00e9m do jogo, o ganhador do leil\u00e3o recebe uma camiseta assinada por Vini Jr. como recorda\u00e7\u00e3o.<\/p>\n<p>Em seus Stories do Instagram, ela compartilhou fotos realizando um pagamento de seis d\u00edgitos \u2014 dividido em tr\u00eas parcelas de R$ 115,5 mil, somando um total de R$ 346,5 mil \u2014 utilizando o cart\u00e3o de cr\u00e9dito e fez uma brincadeira sobre o ocorrido.<\/p>\n<p>&#8220;Hora que o filho chora e a m\u00e3e n\u00e3o v\u00ea hahahaha. Hora de pagar&#8230; mas \u00f3bvio que tudo em prol da Funda\u00e7\u00e3o Fen\u00f4menos. S\u00e3o milhares de pessoas e fam\u00edlias que s\u00e3o ajudadas, ent\u00e3o faz tudo valer a pena&#8221;, escreveu ela que, em seguida, exibiu o comprovante e se mostrou aliviada que o valor astron\u00f4mico teve seu pagamento aprovado. &#8220;Passou&#8221;, escreveu.<\/p>\n<p>Sobre namoro, ela relatou que tudo est\u00e1 gradativo &#8211; \u201cDepois a gente se v\u00ea, depois a gente vai namorar, e agora a gente est\u00e1 vivendo a fase do namoro, calmo. A gente se liga, conversa o dia inteiro no WhatsApp\u201d, afirmou.<\/p>\n","protected":false},"excerpt":{"rendered":"Virginia Fonseca, de 26 anos, esteve no Leil\u00e3o Gal\u00e1cticos, organizado por Ronaldo Fen\u00f4meno e Celina Locks na noite&hellip;\n","protected":false},"author":2,"featured_media":150518,"comment_status":"","ping_status":"","sticky":false,"template":"","format":"standard","meta":{"footnotes":""},"categories":[145],"tags":[211,210,114,115,32,33,3126,973],"class_list":{"0":"post-150517","1":"post","2":"type-post","3":"status-publish","4":"format-standard","5":"has-post-thumbnail","7":"category-celebridades","8":"tag-celebridades","9":"tag-celebrities","10":"tag-entertainment","11":"tag-entretenimento","12":"tag-portugal","13":"tag-pt","14":"tag-vini-jr","15":"tag-virginia"},"share_on_mastodon":{"url":"https:\/\/pubeurope.com\/@pt\/115542361595566959","error":""},"_links":{"self":[{"href":"https:\/\/www.europesays.com\/pt\/wp-json\/wp\/v2\/posts\/150517","targetHints":{"allow":["GET"]}}],"collection":[{"href":"https:\/\/www.europesays.com\/pt\/wp-json\/wp\/v2\/posts"}],"about":[{"href":"https:\/\/www.europesays.com\/pt\/wp-json\/wp\/v2\/types\/post"}],"author":[{"embeddable":true,"href":"https:\/\/www.europesays.com\/pt\/wp-json\/wp\/v2\/users\/2"}],"replies":[{"embeddable":true,"href":"https:\/\/www.europesays.com\/pt\/wp-json\/wp\/v2\/comments?post=150517"}],"version-history":[{"count":0,"href":"https:\/\/www.europesays.com\/pt\/wp-json\/wp\/v2\/posts\/150517\/revisions"}],"wp:featuredmedia":[{"embeddable":true,"href":"https:\/\/www.europesays.com\/pt\/wp-json\/wp\/v2\/media\/150518"}],"wp:attachment":[{"href":"https:\/\/www.europesays.com\/pt\/wp-json\/wp\/v2\/media?parent=150517"}],"wp:term":[{"taxonomy":"category","embeddable":true,"href":"https:\/\/www.europesays.com\/pt\/wp-json\/wp\/v2\/categories?post=150517"},{"taxonomy":"post_tag","embeddable":true,"href":"https:\/\/www.europesays.com\/pt\/wp-json\/wp\/v2\/tags?post=150517"}],"curies":[{"name":"wp","href":"https:\/\/api.w.org\/{rel}","templated":true}]}}