{"id":150521,"date":"2025-11-13T12:25:17","date_gmt":"2025-11-13T12:25:17","guid":{"rendered":"https:\/\/www.europesays.com\/pt\/150521\/"},"modified":"2025-11-13T12:25:17","modified_gmt":"2025-11-13T12:25:17","slug":"ja-entrou-no-espirito-netflix-estreou-1-o-filme-de-natal-da-temporada","status":"publish","type":"post","link":"https:\/\/www.europesays.com\/pt\/150521\/","title":{"rendered":"J\u00e1 entrou no esp\u00edrito? Netflix estreou 1.\u00ba filme de Natal da temporada"},"content":{"rendered":"<p>J\u00e1 est\u00e1 dispon\u00edvel na Netflix o primeiro filme de Natal desta temporada. Um Natal Ex-pecial chegou \u00e0 plataforma de streaming na quarta-feira e \u00e9 o primeiro de cinco filmes originais da Netflix este ano.<\/p>\n<p>&#8220;Tudo o que Kate e Everett querem no Natal \u00e9 um div\u00f3rcio amig\u00e1vel e uma \u00faltima celebra\u00e7\u00e3o em fam\u00edlia, mas novas paix\u00f5es e velhos sentimentos complicam-lhes os planos&#8221;,\u00a0pode ler-se na sinopse da Netflix.<\/p>\n<p>O filme conta a hist\u00f3ria de um casal rec\u00e9m-separado que tenta comemorar um \u00faltimo Natal ao lado dos filhos, antes de se divorciar oficialmente. Contudo, o caos toma conta das festas de final de ano quando a nova namorada do (ainda) marido se junta \u00e0 fam\u00edlia.<\/p>\n<p>Um Natal Ex-pecial conta com Alicia Silverstone e Oliver Hudson nos pap\u00e9is principais.<\/p>\n<p>Este m\u00eas, ainda chega \u00e0 Netflix o filme original Feliz Natal e um Pr\u00f3spero Assalto, que fica dispon\u00edvel a partir do dia 26.<\/p>\n<p>Veja, abaixo, o trailer oficial:<\/p>\n<p>Leia Tamb\u00e9m: <a href=\"https:\/\/www.noticiasaominuto.com\/tech\/2881592\/stranger-things-e-destaque-nos-lancamentos-de-novembro-da-netflix\" target=\"_blank\" rel=\"noopener noreferrer nofollow\">&#8216;Stranger Things&#8217; \u00e9 destaque nos lan\u00e7amentos de novembro da Netflix<\/a><\/p>\n","protected":false},"excerpt":{"rendered":"J\u00e1 est\u00e1 dispon\u00edvel na Netflix o primeiro filme de Natal desta temporada. Um Natal Ex-pecial chegou \u00e0 plataforma&hellip;\n","protected":false},"author":2,"featured_media":150522,"comment_status":"","ping_status":"","sticky":false,"template":"","format":"standard","meta":{"footnotes":""},"categories":[140],"tags":[114,115,147,148,146,32,33],"class_list":{"0":"post-150521","1":"post","2":"type-post","3":"status-publish","4":"format-standard","5":"has-post-thumbnail","7":"category-filmes","8":"tag-entertainment","9":"tag-entretenimento","10":"tag-film","11":"tag-filmes","12":"tag-movies","13":"tag-portugal","14":"tag-pt"},"share_on_mastodon":{"url":"https:\/\/pubeurope.com\/@pt\/115542381401971455","error":""},"_links":{"self":[{"href":"https:\/\/www.europesays.com\/pt\/wp-json\/wp\/v2\/posts\/150521","targetHints":{"allow":["GET"]}}],"collection":[{"href":"https:\/\/www.europesays.com\/pt\/wp-json\/wp\/v2\/posts"}],"about":[{"href":"https:\/\/www.europesays.com\/pt\/wp-json\/wp\/v2\/types\/post"}],"author":[{"embeddable":true,"href":"https:\/\/www.europesays.com\/pt\/wp-json\/wp\/v2\/users\/2"}],"replies":[{"embeddable":true,"href":"https:\/\/www.europesays.com\/pt\/wp-json\/wp\/v2\/comments?post=150521"}],"version-history":[{"count":0,"href":"https:\/\/www.europesays.com\/pt\/wp-json\/wp\/v2\/posts\/150521\/revisions"}],"wp:featuredmedia":[{"embeddable":true,"href":"https:\/\/www.europesays.com\/pt\/wp-json\/wp\/v2\/media\/150522"}],"wp:attachment":[{"href":"https:\/\/www.europesays.com\/pt\/wp-json\/wp\/v2\/media?parent=150521"}],"wp:term":[{"taxonomy":"category","embeddable":true,"href":"https:\/\/www.europesays.com\/pt\/wp-json\/wp\/v2\/categories?post=150521"},{"taxonomy":"post_tag","embeddable":true,"href":"https:\/\/www.europesays.com\/pt\/wp-json\/wp\/v2\/tags?post=150521"}],"curies":[{"name":"wp","href":"https:\/\/api.w.org\/{rel}","templated":true}]}}