{"id":150525,"date":"2025-11-13T12:30:20","date_gmt":"2025-11-13T12:30:20","guid":{"rendered":"https:\/\/www.europesays.com\/pt\/150525\/"},"modified":"2025-11-13T12:30:20","modified_gmt":"2025-11-13T12:30:20","slug":"vao-chover-mais-cheques-do-e-lar-recorde-para-quem-e-quais-os-valores","status":"publish","type":"post","link":"https:\/\/www.europesays.com\/pt\/150525\/","title":{"rendered":"V\u00e3o chover mais cheques do E-Lar: Recorde para quem e quais os valores"},"content":{"rendered":"<p>O programa E-Lar, que atribui um apoio em forma de voucher para a troca de eletrodom\u00e9sticos, vai ser refor\u00e7ado com 51,5 milh\u00f5es de euros e as candidaturas a esta segunda fase arrancam no dia 2 de dezembro, conforme o Not\u00edcias ao Minuto tinha j\u00e1 noticiado.\u00a0<\/p>\n<p>Afinal, quem pode candidatar-se a este apoio?<\/p>\n<p>&#8220;Todos os consumidores podiam candidatar-se a receber este apoio para a substitui\u00e7\u00e3o de fornos, fog\u00f5es e esquentadores a g\u00e1s ou caldeiras a g\u00e1s por equipamentos el\u00e9tricos. No entanto, o foco da medida \u00e9 o apoio a fam\u00edlias vulner\u00e1veis com tarifa social de energia, que podiam receber um voucher digital com um valor superior e com alguns custos cobertos, como \u00e9 o caso do transporte e da instala\u00e7\u00e3o ou at\u00e9 mesmo do IVA dos equipamentos. Tudo indica que, na pr\u00f3xima fase de candidaturas, continuar\u00e1 a ser assim&#8221;, explica a DECO PROteste.\u00a0<\/p>\n<p>Ali\u00e1s, &#8220;acredita que a abertura de uma nova fase do apoio E-lar, com um or\u00e7amento de 51,5 milh\u00f5es de euros para distribuir pelos consumidores, \u00e9 uma oportunidade para quem n\u00e3o conseguiu o apoio na primeira fase, mas tamb\u00e9m para corre\u00e7\u00e3o de algumas das falhas que a organiza\u00e7\u00e3o de defesa do consumidor tem vindo a apontar desde o lan\u00e7amento do programa&#8221;.<\/p>\n<p>Que eletrodom\u00e9sticos posso comprar com o apoio E-lar?<\/p>\n<p>A DECO PROteste explica que o &#8220;programa acabou por ser lan\u00e7ado com apoios apenas para a substitui\u00e7\u00e3o de fornos, placas, fog\u00f5es e esquentadores a g\u00e1s ou caldeiras a g\u00e1s por equipamentos el\u00e9tricos para as mesmas fun\u00e7\u00f5es&#8221;, como:<\/p>\n<ul>&#13;<\/p>\n<li>placas el\u00e9tricas de indu\u00e7\u00e3o;<\/li>\n<p>&#13;<\/p>\n<li>placas el\u00e9tricas convencionais;<\/li>\n<p>&#13;<\/p>\n<li>conjuntos de placa e forno el\u00e9tricos;<\/li>\n<p>&#13;<\/p>\n<li>fornos el\u00e9tricos;<\/li>\n<p>&#13;<\/p>\n<li>e termoacumuladores el\u00e9tricos.<\/li>\n<p>&#13;\n                                                    <\/ul>\n<p>&#8220;Os equipamentos devem, obrigatoriamente, e quando aplic\u00e1vel, apresentar uma classe energ\u00e9tica A ou superior. Mas h\u00e1 uma exce\u00e7\u00e3o. No caso dos termoacumuladores com mais de 30 litros, \u00e9 poss\u00edvel comprar equipamentos de classe energ\u00e9tica B ou superior&#8221;, esclarece a organiza\u00e7\u00e3o de defesa do consumidor.\u00a0<\/p>\n<p>Qual \u00e9 o valor do apoio?<\/p>\n<p>A DECO PROteste explica que o apoio atribu\u00eddo para a troca de fornos, fog\u00f5es e esquentadores a g\u00e1s ou caldeiras a g\u00e1s por equipamentos el\u00e9tricos de classe A ou superior, atrav\u00e9s de um voucher, tinha um valor de:<\/p>\n<ul>&#13;<\/p>\n<li>1.683 euros, para fam\u00edlias vulner\u00e1veis com tarifa social de energia;<\/li>\n<p>&#13;<\/p>\n<li>1.100 euros, para consumidores que tenham contrato de fornecimento de eletricidade.<\/li>\n<p>&#13;\n                                                    <\/ul>\n<p>No caso das fam\u00edlias com tarifa social de energia, os valores m\u00e1ximos que podiam ser gastos por equipamento eram de:<\/p>\n<ul>&#13;<\/p>\n<li>369 euros, para placa el\u00e9trica de indu\u00e7\u00e3o;<\/li>\n<p>&#13;<\/p>\n<li>179,60 euros, para placa el\u00e9trica convencional;<\/li>\n<p>&#13;<\/p>\n<li>738 euros, para conjunto de placa e forno el\u00e9trico;<\/li>\n<p>&#13;<\/p>\n<li>369 euros, para forno el\u00e9trico;<\/li>\n<p>&#13;<\/p>\n<li>615 euros, para termoacumulador el\u00e9trico.<\/li>\n<p>&#13;\n                                                    <\/ul>\n<p>&#8220;Estes valores inclu\u00edam o IVA \u00e0 taxa legal em vigor. No caso destes consumidores, o voucher previa, ainda, um apoio de 50 euros pelo transporte, de 100 euros pela instala\u00e7\u00e3o de placas, fornos ou conjuntos de placas e fornos e de 180 euros pela instala\u00e7\u00e3o do termoacumulador el\u00e9trico&#8221;, explica a organiza\u00e7\u00e3o.<\/p>\n<p>J\u00e1 para os restantes consumidores, os valores m\u00e1ximos a gastar por equipamento eram de:<\/p>\n<ul>&#13;<\/p>\n<li>300 euros, para placa el\u00e9trica de indu\u00e7\u00e3o;<\/li>\n<p>&#13;<\/p>\n<li>146 euros, para placa el\u00e9trica convencional;<\/li>\n<p>&#13;<\/p>\n<li>600 euros, para conjunto de placa el\u00e9trica e forno el\u00e9trico;<\/li>\n<p>&#13;<\/p>\n<li>300 euros, para forno el\u00e9trico;<\/li>\n<p>&#13;<\/p>\n<li>500 euros, para termoacumulador el\u00e9trico.<\/li>\n<p>&#13;\n                                                    <\/ul>\n<p>&#8220;No caso destes consumidores, o vale n\u00e3o inclu\u00eda o pagamento do IVA dos equipamentos, nem o pagamento do transporte ou da instala\u00e7\u00e3o dos eletrodom\u00e9sticos, que tinham de ser pagos pelo pr\u00f3prio consumidor&#8221;, conclui a DECO PROteste.\u00a0<\/p>\n<p>Leia Tamb\u00e9m: <a href=\"https:\/\/www.noticiasaominuto.com\/economia\/2882656\/quer-apanhar-um-o-que-precisa-de-saber-sobre-os-novos-cheques-do-e-lar\" target=\"_blank\" rel=\"noopener noreferrer nofollow\">Quer apanhar um? O que precisa de saber sobre os novos cheques do E-Lar<\/a><\/p>\n","protected":false},"excerpt":{"rendered":"O programa E-Lar, que atribui um apoio em forma de voucher para a troca de eletrodom\u00e9sticos, vai ser&hellip;\n","protected":false},"author":2,"featured_media":150526,"comment_status":"","ping_status":"","sticky":false,"template":"","format":"standard","meta":{"footnotes":""},"categories":[83],"tags":[88,89,90,32,33],"class_list":{"0":"post-150525","1":"post","2":"type-post","3":"status-publish","4":"format-standard","5":"has-post-thumbnail","7":"category-empresas","8":"tag-business","9":"tag-economy","10":"tag-empresas","11":"tag-portugal","12":"tag-pt"},"share_on_mastodon":{"url":"https:\/\/pubeurope.com\/@pt\/115542400966066335","error":""},"_links":{"self":[{"href":"https:\/\/www.europesays.com\/pt\/wp-json\/wp\/v2\/posts\/150525","targetHints":{"allow":["GET"]}}],"collection":[{"href":"https:\/\/www.europesays.com\/pt\/wp-json\/wp\/v2\/posts"}],"about":[{"href":"https:\/\/www.europesays.com\/pt\/wp-json\/wp\/v2\/types\/post"}],"author":[{"embeddable":true,"href":"https:\/\/www.europesays.com\/pt\/wp-json\/wp\/v2\/users\/2"}],"replies":[{"embeddable":true,"href":"https:\/\/www.europesays.com\/pt\/wp-json\/wp\/v2\/comments?post=150525"}],"version-history":[{"count":0,"href":"https:\/\/www.europesays.com\/pt\/wp-json\/wp\/v2\/posts\/150525\/revisions"}],"wp:featuredmedia":[{"embeddable":true,"href":"https:\/\/www.europesays.com\/pt\/wp-json\/wp\/v2\/media\/150526"}],"wp:attachment":[{"href":"https:\/\/www.europesays.com\/pt\/wp-json\/wp\/v2\/media?parent=150525"}],"wp:term":[{"taxonomy":"category","embeddable":true,"href":"https:\/\/www.europesays.com\/pt\/wp-json\/wp\/v2\/categories?post=150525"},{"taxonomy":"post_tag","embeddable":true,"href":"https:\/\/www.europesays.com\/pt\/wp-json\/wp\/v2\/tags?post=150525"}],"curies":[{"name":"wp","href":"https:\/\/api.w.org\/{rel}","templated":true}]}}