{"id":150531,"date":"2025-11-13T12:33:14","date_gmt":"2025-11-13T12:33:14","guid":{"rendered":"https:\/\/www.europesays.com\/pt\/150531\/"},"modified":"2025-11-13T12:33:14","modified_gmt":"2025-11-13T12:33:14","slug":"setubal-sob-aviso-vermelho-e-15-distritos-com-alerta-laranja-observador","status":"publish","type":"post","link":"https:\/\/www.europesays.com\/pt\/150531\/","title":{"rendered":"Set\u00fabal sob aviso vermelho e 15 distritos com alerta laranja \u2013 Observador"},"content":{"rendered":"<p>Quinze distritos de Portugal continental v\u00e3o estar sob aviso laranja, o segundo mais elevado, durante o dia desta quinta-feira, devido \u00e0 chuva forte. J\u00e1 o distrito de Set\u00fabal est\u00e1 sob aviso vermelho, o mais grave, entre as 5h40 e as 9h00 (passando depois a aviso laranja at\u00e9 \u00e0s 12h) informa o Instituto Portugu\u00eas do Mar e da Atmosfera (IPMA).<\/p>\n<p>Nos distritos de Viseu, Porto, Guarda, Santar\u00e9m, Viana do Castelo, Lisboa, Leiria, Castelo Branco, Aveiro, Coimbra e Braga, o alerta laranja vai estar em vigor at\u00e9 \u00e0s 09h00, devido \u00e0 \u201cprecipita\u00e7\u00e3o, por vezes forte e persistente\u201d. J\u00e1 \u00c9vora, Beja e Portalegre mant\u00eam este aviso at\u00e9 \u00e0s 12h. J\u00e1 Faro encontra-se sob aviso laranja at\u00e9 \u00e0s 15h00 pelos mesmos motivos, embora entre as 09h00 e as 18h00 de quinta-feira, como j\u00e1 tinha sido anunciado na quarta-feira, este alerta esteja em vigor no distrito devido \u00e0 agita\u00e7\u00e3o mar\u00edtima, com a possibilidade de \u201condas de sudoeste com 4 a 5,5 metros, em especial no barlavento\u201d, de acordo com o IPMA.<\/p>\n<p>Todos os distritos de Portugal continental e o arquip\u00e9lago da Madeira v\u00e3o estar sob aviso amarelo por diferentes motivos \u2014 agita\u00e7\u00e3o mar\u00edtima, vento ou precipita\u00e7\u00e3o \u2014<a href=\"https:\/\/observador.pt\/2025\/11\/10\/nao-conte-com-verao-de-s-martinho-a-claudia-fica-ate-ao-fim-de-semana-um-temporal-de-frio-chuva-abundante-trovoada-vento-e-ondas\/\" rel=\"nofollow noopener\" target=\"_blank\"> em distintos per\u00edodos at\u00e9 s\u00e1bado<\/a>.<\/p>\n<p>O aviso vermelho \u00e9 o mais grave e \u00e9 emitido sempre que existem situa\u00e7\u00f5es extremas, j\u00e1 o laranja \u00e9 emitido pelo IPMA sempre que existe \u201csitua\u00e7\u00e3o meteorol\u00f3gica de risco moderado a elevado, e o amarelo, quando h\u00e1 uma situa\u00e7\u00e3o de risco para determinadas atividades dependentes da situa\u00e7\u00e3o meteorol\u00f3gica.<\/p>\n<p>Na quarta-feira, Portugal registou 270 ocorr\u00eancias na quarta-feira devido \u00e0s condi\u00e7\u00f5es climat\u00e9ricas adversas, e <strong>prepara-se para um aumento esta madrugada de quinta-feira, devido a um \u201cpico de precipita\u00e7\u00e3o<\/strong>\u201c, de acordo com a Prote\u00e7\u00e3o Civil.<\/p>\n<p>Em declara\u00e7\u00f5es \u00e0 Lusa, o comandante Pedro Ara\u00fajo, da Autoridade Nacional de Emerg\u00eancia e Prote\u00e7\u00e3o Civil (ANEPC), disse na madrugada desta quinta-feira que \u201centre as 00h00 de dia 12 e as 00h00 desta quinta-feira registaram-se 270 ocorr\u00eancias\u201d, devido \u00e0s condi\u00e7\u00f5es climat\u00e9ricas adversas, com ventos fortes e chuvas intensas, embora nenhuma tenha causado \u201cv\u00edtimas nem desalojados\u201d, apenas danos, provocados sobretudo pelos ventos fortes, como quedas de \u00e1rvores, que danificaram carros, ou de postes de eletricidade e telecomunica\u00e7\u00f5es, assim como destrui\u00e7\u00e3o de algumas estruturas, como telhados.<\/p>\n","protected":false},"excerpt":{"rendered":"Quinze distritos de Portugal continental v\u00e3o estar sob aviso laranja, o segundo mais elevado, durante o dia desta&hellip;\n","protected":false},"author":2,"featured_media":150532,"comment_status":"","ping_status":"","sticky":false,"template":"","format":"standard","meta":{"footnotes":""},"categories":[8],"tags":[27,28,442,15,16,14,350,25,26,21,22,606,12,13,19,20,57,32,23,24,33,58,17,18,29,30,31],"class_list":{"0":"post-150531","1":"post","2":"type-post","3":"status-publish","4":"format-standard","5":"has-post-thumbnail","7":"category-principais-noticias","8":"tag-breaking-news","9":"tag-breakingnews","10":"tag-ciu00eancia","11":"tag-featured-news","12":"tag-featurednews","13":"tag-headlines","14":"tag-ipma","15":"tag-latest-news","16":"tag-latestnews","17":"tag-main-news","18":"tag-mainnews","19":"tag-meteorologia","20":"tag-news","21":"tag-noticias","22":"tag-noticias-principais","23":"tag-noticiasprincipais","24":"tag-pau00eds","25":"tag-portugal","26":"tag-principais-noticias","27":"tag-principaisnoticias","28":"tag-pt","29":"tag-sociedade","30":"tag-top-stories","31":"tag-topstories","32":"tag-ultimas","33":"tag-ultimas-noticias","34":"tag-ultimasnoticias"},"share_on_mastodon":{"url":"https:\/\/pubeurope.com\/@pt\/115542412900537546","error":""},"_links":{"self":[{"href":"https:\/\/www.europesays.com\/pt\/wp-json\/wp\/v2\/posts\/150531","targetHints":{"allow":["GET"]}}],"collection":[{"href":"https:\/\/www.europesays.com\/pt\/wp-json\/wp\/v2\/posts"}],"about":[{"href":"https:\/\/www.europesays.com\/pt\/wp-json\/wp\/v2\/types\/post"}],"author":[{"embeddable":true,"href":"https:\/\/www.europesays.com\/pt\/wp-json\/wp\/v2\/users\/2"}],"replies":[{"embeddable":true,"href":"https:\/\/www.europesays.com\/pt\/wp-json\/wp\/v2\/comments?post=150531"}],"version-history":[{"count":0,"href":"https:\/\/www.europesays.com\/pt\/wp-json\/wp\/v2\/posts\/150531\/revisions"}],"wp:featuredmedia":[{"embeddable":true,"href":"https:\/\/www.europesays.com\/pt\/wp-json\/wp\/v2\/media\/150532"}],"wp:attachment":[{"href":"https:\/\/www.europesays.com\/pt\/wp-json\/wp\/v2\/media?parent=150531"}],"wp:term":[{"taxonomy":"category","embeddable":true,"href":"https:\/\/www.europesays.com\/pt\/wp-json\/wp\/v2\/categories?post=150531"},{"taxonomy":"post_tag","embeddable":true,"href":"https:\/\/www.europesays.com\/pt\/wp-json\/wp\/v2\/tags?post=150531"}],"curies":[{"name":"wp","href":"https:\/\/api.w.org\/{rel}","templated":true}]}}