{"id":150551,"date":"2025-11-13T12:56:10","date_gmt":"2025-11-13T12:56:10","guid":{"rendered":"https:\/\/www.europesays.com\/pt\/150551\/"},"modified":"2025-11-13T12:56:10","modified_gmt":"2025-11-13T12:56:10","slug":"forcado-estao-a-fazer-igual","status":"publish","type":"post","link":"https:\/\/www.europesays.com\/pt\/150551\/","title":{"rendered":"For\u00e7ado, est\u00e3o a fazer igual&#8230;"},"content":{"rendered":"<p>Numa altura em que In\u00eas e Dylan j\u00e1 n\u00e3o escondem a proximidade e intimidade na casa do Secret Story 9, Liliana n\u00e3o se mostra muito agradada com o comportamento do casal.<\/p>\n<p>Em conversa com F\u00e1bio, a concorrente de Lousada atirou sem rodeios: \u201c<strong>For\u00e7ado \u00e9 aquilo ali<\/strong>\u201c. In\u00eas e Dylan estavam aos beijos e F\u00e1bio disparou: \u201c<strong>O<\/strong><strong>\u00a0que n\u00e3o \u00e9 verdadeiro \u00e9 aquele amor<\/strong>\u201c.<\/p>\n<p>De imediato, Liliana considerou: \u201c<strong>Amor, aquilo n\u00e3o tem nada de verdadeiro. \u00c9 um jogo que eles acabam por fazer. Ela vai ser sempre aquilo, ele diz cada coisa que eu fico [surpreendida]. Por amor de Deus<\/strong>\u201c.<\/p>\n<p>Neste sentido, a concorrente tamb\u00e9m exp\u00f4s a pr\u00f3pria incoer\u00eancia do casal: \u201c<strong>Andaram-nos a criticar de andarmos aos beijos. Estava a luz acesa e eles estavam l\u00e1, aquilo passou o sinal de consentimento, eles vieram c\u00e1 para fora e ele disse que n\u00e3o podia dormir com ela porque n\u00e3o ia conseguir dormir. Criticaram-nos e est\u00e3o a fazer igual<\/strong>\u201c.<\/p>\n<p><a href=\"https:\/\/tvi.iol.pt\/secretstory\/videos\/liliana-irritada-com-dylan-e-ines-passou-o-sinal-de-consentimento-criticaram-nos-e-estao-a-fazer-igual\/69159fa50cf28fe430486323\" target=\"_blank\" rel=\"noopener nofollow\">Veja o v\u00eddeo aqui<\/a>.<\/p>\n<blockquote class=\"wp-embedded-content\" data-secret=\"OkWUfR8qWS\">\n<p><a href=\"https:\/\/www.hiper.fm\/eis-as-imagens-do-sinal-de-consentimento-de-ines-e-dylan-nao-e-preciso\/\" rel=\"nofollow noopener\" target=\"_blank\">Eis as imagens do \u201csinal de consentimento\u201d de In\u00eas e Dylan: \u201cN\u00e3o \u00e9 preciso\u2026\u201d<\/a><\/p>\n<\/blockquote>\n","protected":false},"excerpt":{"rendered":"Numa altura em que In\u00eas e Dylan j\u00e1 n\u00e3o escondem a proximidade e intimidade na casa do Secret&hellip;\n","protected":false},"author":2,"featured_media":150552,"comment_status":"","ping_status":"","sticky":false,"template":"","format":"standard","meta":{"footnotes":""},"categories":[142],"tags":[19105,114,115,24844,32737,26469,19016,32,33,151],"class_list":{"0":"post-150551","1":"post","2":"type-post","3":"status-publish","4":"format-standard","5":"has-post-thumbnail","7":"category-tv","8":"tag-dylan","9":"tag-entertainment","10":"tag-entretenimento","11":"tag-expu00f5e","12":"tag-incoeru00eancia","13":"tag-inu00eas","14":"tag-liliana","15":"tag-portugal","16":"tag-pt","17":"tag-tv"},"share_on_mastodon":{"url":"https:\/\/pubeurope.com\/@pt\/115542503154565593","error":""},"_links":{"self":[{"href":"https:\/\/www.europesays.com\/pt\/wp-json\/wp\/v2\/posts\/150551","targetHints":{"allow":["GET"]}}],"collection":[{"href":"https:\/\/www.europesays.com\/pt\/wp-json\/wp\/v2\/posts"}],"about":[{"href":"https:\/\/www.europesays.com\/pt\/wp-json\/wp\/v2\/types\/post"}],"author":[{"embeddable":true,"href":"https:\/\/www.europesays.com\/pt\/wp-json\/wp\/v2\/users\/2"}],"replies":[{"embeddable":true,"href":"https:\/\/www.europesays.com\/pt\/wp-json\/wp\/v2\/comments?post=150551"}],"version-history":[{"count":0,"href":"https:\/\/www.europesays.com\/pt\/wp-json\/wp\/v2\/posts\/150551\/revisions"}],"wp:featuredmedia":[{"embeddable":true,"href":"https:\/\/www.europesays.com\/pt\/wp-json\/wp\/v2\/media\/150552"}],"wp:attachment":[{"href":"https:\/\/www.europesays.com\/pt\/wp-json\/wp\/v2\/media?parent=150551"}],"wp:term":[{"taxonomy":"category","embeddable":true,"href":"https:\/\/www.europesays.com\/pt\/wp-json\/wp\/v2\/categories?post=150551"},{"taxonomy":"post_tag","embeddable":true,"href":"https:\/\/www.europesays.com\/pt\/wp-json\/wp\/v2\/tags?post=150551"}],"curies":[{"name":"wp","href":"https:\/\/api.w.org\/{rel}","templated":true}]}}