{"id":150687,"date":"2025-11-13T15:08:18","date_gmt":"2025-11-13T15:08:18","guid":{"rendered":"https:\/\/www.europesays.com\/pt\/150687\/"},"modified":"2025-11-13T15:08:18","modified_gmt":"2025-11-13T15:08:18","slug":"starfighter-ganha-foto-de-bastidores-com-ryan-gosling","status":"publish","type":"post","link":"https:\/\/www.europesays.com\/pt\/150687\/","title":{"rendered":"Starfighter ganha foto de bastidores com Ryan Gosling"},"content":{"rendered":"<p>Star Wars: Starfighter ganha foto de bastidores com Ryan Gosling<\/p>\n<p>\n      Filme chega em maio de 2027\n    <\/p>\n<p>      <img decoding=\"async\" class=\"reading-time__icon\" src=\"https:\/\/cdn.ome.lt\/static\/omelete25\/img\/clock-icon.svg\" alt=\"Omelete\"\/><\/p>\n<p>\n        2 min de leitura\n      <\/p>\n<p>            <img loading=\"lazy\" decoding=\"async\" class=\"action-buttons__icon\" src=\"https:\/\/cdn.ome.lt\/static\/omelete25\/img\/share-icon.svg\" alt=\"\u00cdcone compartilhamento\" width=\"24\" height=\"24\"\/><\/p>\n<p>        Compartilhar<\/p>\n<p>  <img decoding=\"async\" src=\"https:\/\/cdn.ome.lt\/static\/omelete\/img\/loading.svg\" alt=\"\"\/><\/p>\n<p>  <img decoding=\"async\" class=\"article__cover__image\" data-lazy-src-mob=\"\/\/cdn.ome.lt\/XvjJw8r_D2VSe4nmGy5-QViZ_PY=\/570x0\/smart\/filters:format(webp)\/uploads\/conteudo\/fotos\/OMELETE_CAPA_-_2025-11-13T110330.205.webp\" data-lazy-src=\"https:\/\/cdn.ome.lt\/Uw-xvUNNpeFTy7qkiMasi9H4mG4=\/987x0\/smart\/filters:format(webp)\/uploads\/conteudo\/fotos\/OMELETE_CAPA_-_2025-11-13T110330.205.webp\" src=\"data:image\/png;base64,iVBORw0KGgoAAAANSUhEUgAAAAEAAAABCAQAAAC1HAwCAAAAC0lEQVR42mNkYAAAAAYAAjCB0C8AAAAASUVORK5CYII=\" alt=\"Star Wars: Starfighter ganha foto de bastidores com Ryan Gosling\" title=\"None\" width=\"987\" height=\"555\" fetchpriority=\"high\"\/><\/p>\n<p><strong>Star Wars: Starfighter\u00a0<\/strong>segue em produ\u00e7\u00e3o, e o diretor\u00a0<strong>Shawn Levy\u00a0<\/strong>postou uma foto ao lado do protagonista <strong>Ryan Gosling.\u00a0<\/strong>Veja abaixo!<\/p>\n<p>            Continua depois da Publicidade<\/p>\n<p><strong>Tudo sobre os pr\u00f3ximos filmes de Star Wars<\/strong><\/p>\n<p>Em fevereiro,\u00a0<strong>Kathleen Kennedy<\/strong>\u00a0falou sobre a produ\u00e7\u00e3o.\u00a0&#8220;Eu estou produzindo o filme de Mandalorian no momento, e tamb\u00e9m o de Shawn Levy, que vem depois. Ent\u00e3o eu continuo na LucasFilm e ansiosa para trabalhar com Bob (Iger) e Alan (Bergman), que est\u00e3o entrando no projeto. Ent\u00e3o tudo est\u00e1 caminhando, e temos todo o direito de fazer o an\u00fancio quando quisermos&#8221;, disse Kennedy ao Deadline.\u00a0&#8220;O filme ser\u00e1 ambientado no futuro, depois dos primeiros nove. Shawn far\u00e1 um filme de Star Wars com hist\u00f3ria independente, talvez cinco ou seis anos ap\u00f3s A Ascens\u00e3o Skywalker&#8221;, concluiu.<\/p>\n<p>J\u00e1 h\u00e1 quatro filmes de\u00a0Star Wars\u00a0anunciados. O primeiro vem em maio 2026 e \u00e9\u00a0The Mandalorian &amp; Grogu, uma continua\u00e7\u00e3o da s\u00e9rie do Mandaloriano dirigida por\u00a0<strong>Jon Favreau<\/strong>. J\u00e1\u00a0Sharmeen Obaid-Chinoy\u00a0dirigir\u00e1 um filme focado nas aventuras de Rey (Daisy Ridley) ap\u00f3s o\u00a0Epis\u00f3dio IX, enquanto\u00a0James Mangold\u00a0dirigir\u00e1 um filme sobre a origem dos Jedi, tr\u00eas mil anos antes da saga principal. H\u00e1 ainda o filme de\u00a0Dave Filoni, criador de\u00a0Ahsoka. Al\u00e9m disso tudo, em desenvolvimento est\u00e3o projetos de Taika Waititi e Shawn Levy.<\/p>\n<p>Diferente de\u00a0The Mandalorian &amp; Grogu\u00a0e\u00a0Starfighter,\u00a0os\u00a0outros filmes n\u00e3o t\u00eam previs\u00e3o de estreia, mas a Lucasfilm reservou datas em dezembro de 2026 e dezembro de 2027 para lan\u00e7amentos de\u00a0Star Wars.<\/p>\n<p data-gtm-vis-first-on-screen67967661_30=\"16492\" data-gtm-vis-has-fired67967661_30=\"1\" data-gtm-vis-recent-on-screen67967661_30=\"16492\" data-gtm-vis-total-visible-time67967661_30=\"100\"><strong>Star Wars: Starfighter<\/strong>\u00a0vai estrear em 27 de maio 2027.<\/p>\n<p>          Omelete Recomenda<\/p>\n<p class=\"lgpd__text\">\n      Ao continuar navegando, declaro que estou ciente e concordo com a nossa<br \/>\n      <a class=\"lgpd__link\" href=\"https:\/\/www.omeletecompany.com\/politica-privacidade\" target=\"_blank\" rel=\"nofollow noopener\">Pol\u00edtica de Privacidade<\/a><br \/>\n      bem como manifesto o consentimento quanto ao fornecimento e tratamento dos dados e cookies para as finalidades ali<br \/>\n      constantes.\n    <\/p>\n<p>    Aceitar<\/p>\n","protected":false},"excerpt":{"rendered":"Star Wars: Starfighter ganha foto de bastidores com Ryan Gosling Filme chega em maio de 2027 2 min&hellip;\n","protected":false},"author":2,"featured_media":150688,"comment_status":"","ping_status":"","sticky":false,"template":"","format":"standard","meta":{"footnotes":""},"categories":[140],"tags":[114,115,147,148,146,32,33],"class_list":{"0":"post-150687","1":"post","2":"type-post","3":"status-publish","4":"format-standard","5":"has-post-thumbnail","7":"category-filmes","8":"tag-entertainment","9":"tag-entretenimento","10":"tag-film","11":"tag-filmes","12":"tag-movies","13":"tag-portugal","14":"tag-pt"},"share_on_mastodon":{"url":"https:\/\/pubeurope.com\/@pt\/115543022538731946","error":""},"_links":{"self":[{"href":"https:\/\/www.europesays.com\/pt\/wp-json\/wp\/v2\/posts\/150687","targetHints":{"allow":["GET"]}}],"collection":[{"href":"https:\/\/www.europesays.com\/pt\/wp-json\/wp\/v2\/posts"}],"about":[{"href":"https:\/\/www.europesays.com\/pt\/wp-json\/wp\/v2\/types\/post"}],"author":[{"embeddable":true,"href":"https:\/\/www.europesays.com\/pt\/wp-json\/wp\/v2\/users\/2"}],"replies":[{"embeddable":true,"href":"https:\/\/www.europesays.com\/pt\/wp-json\/wp\/v2\/comments?post=150687"}],"version-history":[{"count":0,"href":"https:\/\/www.europesays.com\/pt\/wp-json\/wp\/v2\/posts\/150687\/revisions"}],"wp:featuredmedia":[{"embeddable":true,"href":"https:\/\/www.europesays.com\/pt\/wp-json\/wp\/v2\/media\/150688"}],"wp:attachment":[{"href":"https:\/\/www.europesays.com\/pt\/wp-json\/wp\/v2\/media?parent=150687"}],"wp:term":[{"taxonomy":"category","embeddable":true,"href":"https:\/\/www.europesays.com\/pt\/wp-json\/wp\/v2\/categories?post=150687"},{"taxonomy":"post_tag","embeddable":true,"href":"https:\/\/www.europesays.com\/pt\/wp-json\/wp\/v2\/tags?post=150687"}],"curies":[{"name":"wp","href":"https:\/\/api.w.org\/{rel}","templated":true}]}}