{"id":150716,"date":"2025-11-13T15:29:09","date_gmt":"2025-11-13T15:29:09","guid":{"rendered":"https:\/\/www.europesays.com\/pt\/150716\/"},"modified":"2025-11-13T15:29:09","modified_gmt":"2025-11-13T15:29:09","slug":"diretor-da-pj-preocupado-com-aumento-de-violencia-de-traficantes-contra-autoridades","status":"publish","type":"post","link":"https:\/\/www.europesays.com\/pt\/150716\/","title":{"rendered":"Diretor da PJ preocupado com aumento de viol\u00eancia de traficantes contra autoridades"},"content":{"rendered":"<p>&#13;<br \/>\n&#8220;As organiza\u00e7\u00f5es criminosas est\u00e3o cada vez mais sofisticadas e, n\u00e3o raras vezes, reativas \u00e0 viol\u00eancia, \u00e0 atua\u00e7\u00e3o das autoridades. A Guarda Nacional Republicana, nos \u00faltimos dois meses, foi confrontada com a utiliza\u00e7\u00e3o de armas de calibre de guerra, com AK 47&#8221;, sublinhou Lu\u00eds Neves.&#13;\n<\/p>\n<p>&#13;<br \/>\nAquele respons\u00e1vel, que falava na abertura da confer\u00eancia &#8220;Tr\u00e1fico de Estupefacientes por Via Mar\u00edtima &#8211; As Narcolanchas&#8221;, aproveitou a ocasi\u00e3o para homenagear o militar da GNR morto no final de outubro em servi\u00e7o no Algarve, n\u00e3o por arma de fogo, mas ap\u00f3s uma colis\u00e3o com uma lancha r\u00e1pida no Rio Guadiana.&#13;\n<\/p>\n<p>&#13;<br \/>\nDe acordo com o diretor nacional da PJ, durante muitos anos, os elementos destas redes s\u00f3 utilizavam armas de fogo contra os grupos rivais &#8220;que conseguiam ficar na posse da droga uns dos outros&#8221;, mas, atualmente, &#8220;perdeu-se o respeito pela autoridade&#8221; e os pr\u00f3prios agentes de seguran\u00e7a s\u00e3o tamb\u00e9m v\u00edtimas. &#13;\n<\/p>\n<p>&#13;<br \/>\nSegundo Lu\u00eds Neves, do ponto de vista operacional, estas organiza\u00e7\u00f5es utilizam embarca\u00e7\u00f5es aparentemente leg\u00edtimas &#8211; e tamb\u00e9m submerg\u00edveis e semi-submerg\u00edveis -, apoiadas em alto mar por lanchas de grande velocidade que fazem depois o desembarque no continente. &#13;\n<\/p>\n<p>&#13;<br \/>\n&#8220;H\u00e1 muito pouco tempo, com o apoio da Marinha e com o apoio da For\u00e7a A\u00e9rea, a quase 300 a 400 milhas, conseguimos localizar uma destas embarca\u00e7\u00f5es e apreender quase duas toneladas de coca\u00edna, sendo certo que nas suas redondezas j\u00e1 existiam v\u00e1rias lanchas r\u00e1pidas&#8221;, exemplificou.&#13;\n<\/p>\n<p>&#13;<br \/>\nDe acordo com o respons\u00e1vel, o cen\u00e1rio agora \u00e9 diferente de h\u00e1 uns anos e as lanchas j\u00e1 n\u00e3o constituem um meio de transporte do norte de \u00c1frica para a Europa: &#8220;J\u00e1 v\u00e3o a centenas de milhas com combust\u00edvel, com jerric\u00e3s, levam para l\u00e1 combust\u00edvel e trazem, para o territ\u00f3rio europeu, droga&#8221;, indicou. &#13;\n<\/p>\n<p>&#13;<br \/>\nLu\u00eds Neves referiu, ainda, que atualmente existe uma &#8220;macro m\u00e1fia&#8221; no centro e norte da Europa e organiza\u00e7\u00f5es sediadas sobretudo na Su\u00e9cia que &#8220;aportam elevados n\u00edveis de crime&#8221;, na sua maioria, de criminalidade violenta.&#13;\n<\/p>\n<p>&#13;<br \/>\n&#8220;[&#8230;] Falamos de homic\u00eddios, de raptos, de utiliza\u00e7\u00e3o de armas de calibre de guerra. Nos \u00faltimos anos temos v\u00e1rios homic\u00eddios consumados e tentados em Portugal, cometidos por sic\u00e1rios vindos do norte da Europa para aqui fazerem ajustes de contas porque a droga n\u00e3o foi entregue ao seu propriet\u00e1rio&#8221;. &#13;\n<\/p>\n<p>&#13;<br \/>\nRelativamente a apreens\u00f5es de droga, Lu\u00eds Neves indicou que no ano passado foram apreendidas 23 toneladas de coca\u00edna e sete toneladas de haxixe, para al\u00e9m de centenas de milhares de pe\u00e7as de ectasy. &#13;\n<\/p>\n<p>&#13;<br \/>\n&#8220;At\u00e9 ao momento, foram apreendidas, este ano, 14 toneladas de coca\u00edna e centenas de indiv\u00edduos presos com patrim\u00f3nio e vantagens de lucro apreendidas, atrav\u00e9s do Gabinete de Recupera\u00e7\u00e3o de Ativos&#8221;, referiu, acrescentando que em 2024 foram apreendidos mais de sete milh\u00f5es e meio de euros destes valores. &#13;\n<\/p>\n<p>&#13;<br \/>\nA confer\u00eancia que hoje decorre na Diretoria do Sul da PJ, em Faro, conta com a participa\u00e7\u00e3o de diversas entidades nacionais e internacionais, tendo como objetivo a defini\u00e7\u00e3o de estrat\u00e9gias para uma atua\u00e7\u00e3o mais eficaz das autoridades na preven\u00e7\u00e3o e repress\u00e3o do fen\u00f3meno.&#13;<\/p>\n","protected":false},"excerpt":{"rendered":"&#13; &#8220;As organiza\u00e7\u00f5es criminosas est\u00e3o cada vez mais sofisticadas e, n\u00e3o raras vezes, reativas \u00e0 viol\u00eancia, \u00e0 atua\u00e7\u00e3o&hellip;\n","protected":false},"author":2,"featured_media":150717,"comment_status":"","ping_status":"","sticky":false,"template":"","format":"standard","meta":{"footnotes":""},"categories":[10],"tags":[27073,27,28,15,16,14,25,26,21,22,32755,12,13,19,20,32,23,24,33,5928,17,18,29,30,31],"class_list":{"0":"post-150716","1":"post","2":"type-post","3":"status-publish","4":"format-standard","5":"has-post-thumbnail","7":"category-portugal","8":"tag-ativos","9":"tag-breaking-news","10":"tag-breakingnews","11":"tag-featured-news","12":"tag-featurednews","13":"tag-headlines","14":"tag-latest-news","15":"tag-latestnews","16":"tag-main-news","17":"tag-mainnews","18":"tag-neves","19":"tag-news","20":"tag-noticias","21":"tag-noticias-principais","22":"tag-noticiasprincipais","23":"tag-portugal","24":"tag-principais-noticias","25":"tag-principaisnoticias","26":"tag-pt","27":"tag-suecia","28":"tag-top-stories","29":"tag-topstories","30":"tag-ultimas","31":"tag-ultimas-noticias","32":"tag-ultimasnoticias"},"share_on_mastodon":{"url":"https:\/\/pubeurope.com\/@pt\/115543105083424961","error":""},"_links":{"self":[{"href":"https:\/\/www.europesays.com\/pt\/wp-json\/wp\/v2\/posts\/150716","targetHints":{"allow":["GET"]}}],"collection":[{"href":"https:\/\/www.europesays.com\/pt\/wp-json\/wp\/v2\/posts"}],"about":[{"href":"https:\/\/www.europesays.com\/pt\/wp-json\/wp\/v2\/types\/post"}],"author":[{"embeddable":true,"href":"https:\/\/www.europesays.com\/pt\/wp-json\/wp\/v2\/users\/2"}],"replies":[{"embeddable":true,"href":"https:\/\/www.europesays.com\/pt\/wp-json\/wp\/v2\/comments?post=150716"}],"version-history":[{"count":0,"href":"https:\/\/www.europesays.com\/pt\/wp-json\/wp\/v2\/posts\/150716\/revisions"}],"wp:featuredmedia":[{"embeddable":true,"href":"https:\/\/www.europesays.com\/pt\/wp-json\/wp\/v2\/media\/150717"}],"wp:attachment":[{"href":"https:\/\/www.europesays.com\/pt\/wp-json\/wp\/v2\/media?parent=150716"}],"wp:term":[{"taxonomy":"category","embeddable":true,"href":"https:\/\/www.europesays.com\/pt\/wp-json\/wp\/v2\/categories?post=150716"},{"taxonomy":"post_tag","embeddable":true,"href":"https:\/\/www.europesays.com\/pt\/wp-json\/wp\/v2\/tags?post=150716"}],"curies":[{"name":"wp","href":"https:\/\/api.w.org\/{rel}","templated":true}]}}