{"id":150753,"date":"2025-11-13T15:59:19","date_gmt":"2025-11-13T15:59:19","guid":{"rendered":"https:\/\/www.europesays.com\/pt\/150753\/"},"modified":"2025-11-13T15:59:19","modified_gmt":"2025-11-13T15:59:19","slug":"vera-poe-a-boca-no-trombone-e-entala-ines","status":"publish","type":"post","link":"https:\/\/www.europesays.com\/pt\/150753\/","title":{"rendered":"Vera &#8216;p\u00f5e a boca no trombone&#8217; e entala In\u00eas"},"content":{"rendered":"<p>\t\t\t\t\t\t\t\t\t\t\t\t<a href=\"#\" onclick=\"window.open('http:\/\/www.facebook.com\/sharer.php?u=https:\/\/cusquices.com\/vera-poe-a-boca-no-trombone-e-entala-ines\/&amp;t=Vera \u2018p\u00f5e a boca no trombone\u2019 e entala In\u00eas', 'facebookShare', 'width=626,height=436'); return false;\" title=\"Share on Facebook\"><\/p>\n<p>Share<\/p>\n<p><\/a><br \/>\n\t\t\t\t\t\t\t\t\t\t\t\t<a href=\"#\" onclick=\"window.open('http:\/\/twitter.com\/share?text=Vera \u2018p\u00f5e a boca no trombone\u2019 e entala In\u00eas -&amp;url=https:\/\/cusquices.com\/vera-poe-a-boca-no-trombone-e-entala-ines\/', 'twitterShare', 'width=626,height=436'); return false;\" title=\"Tweet This Post\"><\/p>\n<p>Tweet<\/p>\n<p><\/a><br \/>\n\t\t\t\t\t\t\t\t\t\t\t\t<a href=\"whatsapp:\/\/send?text=Vera \u2018p\u00f5e a boca no trombone\u2019 e entala In\u00eas https:\/\/cusquices.com\/vera-poe-a-boca-no-trombone-e-entala-ines\/\" rel=\"nofollow\"><\/p>\n<p>Share<\/p>\n<p><\/a><br \/>\n\t\t\t\t\t\t\t\t\t\t\t\t<a href=\"#\" onclick=\"window.open('http:\/\/pinterest.com\/pin\/create\/button\/?url=https:\/\/cusquices.com\/vera-poe-a-boca-no-trombone-e-entala-ines\/&amp;media=https:\/\/cusquices.com\/wp-content\/uploads\/2025\/10\/vera-ines-1-1000x600.jpg&amp;description=Vera \u2018p\u00f5e a boca no trombone\u2019 e entala In\u00eas', 'pinterestShare', 'width=750,height=350'); return false;\" title=\"Pin This Post\"><\/p>\n<p>Share<\/p>\n<p><\/a><br \/>\n\t\t\t\t\t\t\t\t\t\t\t\t<a href=\"mailto:?subject=Vera \u2018p\u00f5e a boca no trombone\u2019 e entala In\u00eas&amp;BODY=I found this article interesting and thought of sharing it with you. Check it out: https:\/\/cusquices.com\/vera-poe-a-boca-no-trombone-e-entala-ines\/\"><\/p>\n<p>Email<\/p>\n<p><\/a><br \/>\n\t\t\t\t\t\t\t\t\t\t\t\t\t\t\t\t\t\t\t\t\t\t\t\t\t\t\t\t\t\t\t\t\t\t\t\t\t\t\t\t\t\t\t\t\t\t\t\t\t\t\t\t\t<a href=\"https:\/\/cusquices.com\/vera-poe-a-boca-no-trombone-e-entala-ines\/#respond\" rel=\"nofollow noopener\" target=\"_blank\"><\/p>\n<p>O romance rel\u00e2mpago de <strong>In\u00eas Gama<\/strong> com<strong> Dylan Fonte<\/strong> na casa do Secret Story, na semana em que estava nomeada, dividiu opini\u00f5es e causou muita controv\u00e9rsia c\u00e1 fora. Ap\u00f3s Dylan ter ganho uma viagem para dois a Los Angeles, <strong>In\u00eas<\/strong> mudou de atitude com o jovem milion\u00e1rio e o relacionamento come\u00e7ou dias depois.<\/p>\n<p>Vera esteve \u00e0 conversa com a <strong>TV7 Dias<\/strong> e n\u00e3o escondeu a desilus\u00e3o com as atitudes de In\u00eas, com quem tinha criado uma rela\u00e7\u00e3o muito pr\u00f3xima na casa e nunca escondeu os sentimentos que come\u00e7ou a nutrir pela jovem. Vera \u2018Saramaga\u2019, n\u00e3o acredita no sentimento de In\u00eas por Dylan e acaba por revelar mais detalhes dos momentos com In\u00eas debaixo dos cobertores.<\/p>\n<p><strong>\u201cN\u00e3o acredito que haja sentimento verdadeiro entre os dois, n\u00e3o existe\u201d,<\/strong> afirmou Vera com toda a convic\u00e7\u00e3o.  <strong>\u201cFico um pouco triste e desiludida com a In\u00eas porque acreditava que ela fosse uma pessoa com muito mais maturidade e que n\u00e3o necessitasse de entrar por um enredo nesta dimens\u00e3o. Acho que est\u00e1 a ficar um bocadinho mal.\u201d<\/strong><\/p>\n<p>Vera continuar a afirmar que In\u00eas lhe fez promessas e mostra-se desiludida com a amiga especial que fez na casa mais vigiada do pa\u00eds:<strong> \u201cA verdade s\u00f3 ser\u00e1 bem expl\u00edcita quando a In\u00eas sair e ficar frente a frente comigo, porque eu n\u00e3o vou admitir que ela negue qualquer tipo de situa\u00e7\u00e3o\u201d,<\/strong> garantiu.<\/p>\n<p>A  jovem assistente dent\u00e1ria foi mais longe e mostrou-se magoada: <strong>\u201cSitua\u00e7\u00f5es que ela disse entre n\u00f3s as duas, nos momentos em que est\u00e1vamos deitadas. O que me foi escrito na m\u00e3o n\u00e3o est\u00e1 esquecido. Ou \u00e9 uma pessoa bastante mentirosa\u2026 Espero que n\u00e3o brinque com os sentimentos dos outros<\/strong>.\u201d<\/p>\n<p>Vera acabou por revelar o que In\u00eas lhe escreveu nas m\u00e3os debaixo dos cobertores: <strong>\u201cEscreveu que ir\u00edamos at\u00e9 \u00e0 final, tinha falado que iria terminar a rela\u00e7\u00e3o e que nunca lhe tinha acontecido algo assim. Agora, eu vejo que, na altura em que estava a ser nomeada, aquele enredo a estava a manter no jogo. A partir do momento em que eu sai, ela teve de procurar outro. N\u00e3o acredito que seja genu\u00edno o que ela est\u00e1 a fazer com o Dylan.\u201d<\/strong><\/p>\n<p>A jovem assistente dent\u00e1ria n\u00e3o escondeu a desilus\u00e3o: <strong>\u201cN\u00e3o me senti magoada, senti-me mais desiludida. Pensei que ela n\u00e3o fosse esse tipo de pessoa. Julgou tanto a Liliana e acho que at\u00e9 est\u00e1 a fazer um pouquinho pior\u201d.<\/strong><\/p>\n<p>Vera admite que vai aguardar a sa\u00edda de In\u00eas para esclarecer todos os mal entendidos:<strong> \u201cVou remeter-me ao sil\u00eancio e esperar a atitude dela c\u00e1 fora. Ela sabe muito bem o que disse l\u00e1 dentro\u201d.<\/strong><\/p>\n<p>J\u00e1 sobre as declara\u00e7\u00f5es da m\u00e3e de In\u00eas, garantindo que a filha n\u00e3o era l\u00e9sbica, Vera garante: <br \/><strong>\u201cAqui ningu\u00e9m intitulou a In\u00eas como l\u00e9sbica. Foi a pr\u00f3pria que admitiu \u00e0 L\u00eddia [N.R.: ex-concorrente] que j\u00e1 se tinha relacionado intimamente com uma mulher \u2013 ela, o namorado e outra mulher. A situa\u00e7\u00e3o n\u00e3o \u00e9 novidade para ela. Aquilo que ela me escreveu na m\u00e3o\u2026 ela sabe muito bem o que fez\u201d.<\/strong><\/p>\n<p><strong>Leia tamb\u00e9m:<\/strong><\/p>\n<p>\t\t\t\t\t\t\t\t\t\t\t\t\t\t\t\t\t\t\t\t\t\t\t\t\t<img decoding=\"async\" src=\"https:\/\/www.europesays.com\/pt\/wp-content\/uploads\/2025\/10\/cusquices-logo-52x.png\" class=\"webpexpress-processed\"\/><\/p>\n<p>\t\t\t\t\t\t\t\t\t\t\t\t\t\t\t\t\t\t\t\t\t            \t\t\t\t\t\t\t\t\t\t\t\t\t\t\t\t\t\t\t\t\t\t\t\t\t\t\t\t\t\t\t\t\t\t\t\t\t\t\t<script async src=\"https:\/\/platform.twitter.com\/widgets.js\" charset=\"utf-8\"><\/script><\/p>\n","protected":false},"excerpt":{"rendered":"Share Tweet Share Share Email O romance rel\u00e2mpago de In\u00eas Gama com Dylan Fonte na casa do Secret&hellip;\n","protected":false},"author":2,"featured_media":150754,"comment_status":"","ping_status":"","sticky":false,"template":"","format":"standard","meta":{"footnotes":""},"categories":[8],"tags":[27,28,2632,49,21040,15,16,14,25393,25,26,21,22,12,13,19,20,32,23,24,33,17,18,29,30,31,24887],"class_list":{"0":"post-150753","1":"post","2":"type-post","3":"status-publish","4":"format-standard","5":"has-post-thumbnail","7":"category-principais-noticias","8":"tag-breaking-news","9":"tag-breakingnews","10":"tag-casa-dos-segredos","11":"tag-destaques","12":"tag-dylan-fonte","13":"tag-featured-news","14":"tag-featurednews","15":"tag-headlines","16":"tag-ines-gama","17":"tag-latest-news","18":"tag-latestnews","19":"tag-main-news","20":"tag-mainnews","21":"tag-news","22":"tag-noticias","23":"tag-noticias-principais","24":"tag-noticiasprincipais","25":"tag-portugal","26":"tag-principais-noticias","27":"tag-principaisnoticias","28":"tag-pt","29":"tag-top-stories","30":"tag-topstories","31":"tag-ultimas","32":"tag-ultimas-noticias","33":"tag-ultimasnoticias","34":"tag-vera-claudia"},"share_on_mastodon":{"url":"https:\/\/pubeurope.com\/@pt\/115543223114230507","error":""},"_links":{"self":[{"href":"https:\/\/www.europesays.com\/pt\/wp-json\/wp\/v2\/posts\/150753","targetHints":{"allow":["GET"]}}],"collection":[{"href":"https:\/\/www.europesays.com\/pt\/wp-json\/wp\/v2\/posts"}],"about":[{"href":"https:\/\/www.europesays.com\/pt\/wp-json\/wp\/v2\/types\/post"}],"author":[{"embeddable":true,"href":"https:\/\/www.europesays.com\/pt\/wp-json\/wp\/v2\/users\/2"}],"replies":[{"embeddable":true,"href":"https:\/\/www.europesays.com\/pt\/wp-json\/wp\/v2\/comments?post=150753"}],"version-history":[{"count":0,"href":"https:\/\/www.europesays.com\/pt\/wp-json\/wp\/v2\/posts\/150753\/revisions"}],"wp:featuredmedia":[{"embeddable":true,"href":"https:\/\/www.europesays.com\/pt\/wp-json\/wp\/v2\/media\/150754"}],"wp:attachment":[{"href":"https:\/\/www.europesays.com\/pt\/wp-json\/wp\/v2\/media?parent=150753"}],"wp:term":[{"taxonomy":"category","embeddable":true,"href":"https:\/\/www.europesays.com\/pt\/wp-json\/wp\/v2\/categories?post=150753"},{"taxonomy":"post_tag","embeddable":true,"href":"https:\/\/www.europesays.com\/pt\/wp-json\/wp\/v2\/tags?post=150753"}],"curies":[{"name":"wp","href":"https:\/\/api.w.org\/{rel}","templated":true}]}}