{"id":150771,"date":"2025-11-13T16:16:25","date_gmt":"2025-11-13T16:16:25","guid":{"rendered":"https:\/\/www.europesays.com\/pt\/150771\/"},"modified":"2025-11-13T16:16:25","modified_gmt":"2025-11-13T16:16:25","slug":"inundacoes-falta-de-eletricidade-quedas-de-arvores-os-efeitos-do-mau-tempo-em-imagens","status":"publish","type":"post","link":"https:\/\/www.europesays.com\/pt\/150771\/","title":{"rendered":"Inunda\u00e7\u00f5es, falta de eletricidade, quedas de \u00e1rvores: os efeitos do mau tempo em imagens"},"content":{"rendered":"<p data-remotead-prev-elm=\"true\" data-remotead-elm-id=\"inread\">A Autoridade Nacional de Emerg\u00eancia e Prote\u00e7\u00e3o Civil (ANEPC) registou, <strong>at\u00e9 \u00e0s 13 horas, 1292 ocorr\u00eancias <\/strong>devido ao mau tempo, na maioria inunda\u00e7\u00f5es, quedas de estruturas, quedas de \u00e1rvores e limpezas de via. Na Pen\u00ednsula de Set\u00fabal, uma das regi\u00f5es mais atingidas, v\u00e1rias estradas ficaram inundadas e ve\u00edculos imobilizados por causa da chuva forte nos concelhos o Montijo e do Seixal, <a href=\"https:\/\/www.jn.pt\/pais\/artigo\/casal-de-idosos-morre-em-casa-encurralado-pela-agua-em-fernao-ferro\/18019413\" target=\"_blank\" rel=\"nofollow noopener\">onde morreu um casal de idosos encurralado pela \u00e1gua, em casa, em Fern\u00e3o Ferro<\/a>.<\/p>\n<p>H\u00e1 um<strong> ferido ligeiro<\/strong>, na sequ\u00eancia de uma queda de \u00e1rvore no concelho de Serpa, distrito de Beja.<\/p>\n<p>A Prote\u00e7\u00e3o Civil contabiliza ainda cinco <strong>desalojados<\/strong> na Regi\u00e3o do M\u00e9dio Tejo, no concelho de Abrantes, e quatro na Lez\u00edria do Tejo, na localidade de Gl\u00f3ria do Ribatejo, concelho de Salvaterra de Magos, ambos os casos no distrito de Santar\u00e9m.<\/p>\n<p data-remotead-prev-elm=\"true\" data-remotead-elm-id=\"centro1\">Em Lisboa, Set\u00fabal e Santar\u00e9m (estes dos \u00faltimos distritos estiveram sob aviso vermelho at\u00e9 \u00e0s 10 horas), <strong>cerca de 13 mil clientes de energia el\u00e9trica estavam sem abastecimento<\/strong> por volta das 12.30 horas, informou a E-Redes, garantindo estar &#8220;em vigil\u00e2ncia permanente&#8221; para uma r\u00e1pida resolu\u00e7\u00e3o da situa\u00e7\u00e3o. Pelas 8 horas, eram cerca de 20 mil os clientes sem eletricidade.<\/p>\n<p>Em Abrantes, <strong>cinco pessoas ficaram desalojadas<\/strong> na sequ\u00eancia da inunda\u00e7\u00e3o de duas habita\u00e7\u00f5es, na localidade de Alferrarede.<\/p>\n<p>A <strong>circula\u00e7\u00e3o de comboios foi suspensa<\/strong> &#8211; e entretanto retomada &#8211; entre o Entroncamento e Santar\u00e9m devido a uma avaria no sistema de sinaliza\u00e7\u00e3o, ocorrida por volta das 7 horas, e condicionada entre Pinhal Novo e Poceir\u00e3o por causa de um abatimento de piso provocado pelo mau tempo, pelas 9.30 horas. Na <strong>Linha do Oeste<\/strong>, a circula\u00e7\u00e3o ferrovi\u00e1ria est\u00e1 suspensa, entre Louri\u00e7al (Pombal) e Amieira (Soure), desde as 11.30 horas, devido a um aluimento de terras. Segundo a CP, pelas 12.15 horas, estava a caminho do local a maquinaria necess\u00e1ria para a interven\u00e7\u00e3o. A Linha do Oeste \u00e9 um tro\u00e7o ferrovi\u00e1rio que liga a esta\u00e7\u00e3o de Agualva-Cac\u00e9m, na Linha de Sintra, \u00e0 esta\u00e7\u00e3o de Figueira da Foz, em Portugal.<\/p>\n<p data-remotead-prev-elm=\"true\" data-remotead-elm-id=\"centro2\"><img decoding=\"async\" class=\"ngx-body\" guid=\"2d203942-bbfa-4734-b85a-13054aadb762\" src=\"https:\/\/www.europesays.com\/pt\/wp-content\/uploads\/2025\/11\/1763050581_554_image.jpg\" width=\"100%\"\/><br \/><img decoding=\"async\" class=\"ngx-body\" guid=\"6d9b4a67-6994-4523-a048-0de1117d1015\" src=\"https:\/\/www.europesays.com\/pt\/wp-content\/uploads\/2025\/11\/1763050583_530_image.jpg\" width=\"100%\"\/><br \/><img decoding=\"async\" class=\"ngx-body\" guid=\"0245c51c-3f7c-4a7a-816f-1837e4610398\" src=\"https:\/\/www.europesays.com\/pt\/wp-content\/uploads\/2025\/11\/1763050585_814_image.jpg\" width=\"100%\"\/><br \/>Fotos: Rui Minderico\/Lusa<\/p>\n<p>Inunda\u00e7\u00f5es em Leiria<\/p>\n<p>Sem registo de v\u00edtimas ou acidentes associados ao mau tempo em Leiria, o vereador da Prote\u00e7\u00e3o Civil, Lu\u00eds Lopes, adiantou que, at\u00e9 \u00e0s 10 horas, registaram-se 32 ocorr\u00eancias, sobretudo inunda\u00e7\u00f5es em habita\u00e7\u00f5es e ind\u00fastrias, quedas de \u00e1rvore e movimenta\u00e7\u00e3o de massas.<\/p>\n<p>Uma das situa\u00e7\u00f5es mais graves foi numa f\u00e1brica em Regueira de Pontes, com entrada de \u00e1gua a 30 cent\u00edmetros de altura, explicou Lu\u00eds Lopes. &#8220;Tamb\u00e9m no Centro Social e Paroquial de Regueira de Pontes, uma sala que d\u00e1 para o centro de dia, ficou inutilizada, mas tudo o resto est\u00e1 a funcionar com normalidade&#8221;, informou.<\/p>\n<p data-remotead-prev-elm=\"true\" data-remotead-elm-id=\"centro3\">O vereador disse ainda que se encontram v\u00e1rias estradas condicionadas: &#8220;Algumas estradas rurais t\u00eam a circula\u00e7\u00e3o suspensa, como as dos campos do Lis&#8221;.<\/p>\n<p>Estradas cortadas<\/p>\n<p>O agravamento das condi\u00e7\u00f5es meteorol\u00f3gicas registado nas \u00faltimas horas obrigou ao fecho de tr\u00eas estradas no concelho de Mafra, distrito de Lisboa.<\/p>\n<p>Em comunicado, o Servi\u00e7o Municipal de Prote\u00e7\u00e3o Civil informou que se encontram cortadas a estrada da Senhora do \u00d3 para Carvoeira; a estrada de S\u00e3o Juli\u00e3o para Assafora (no concelho de Sintra) e a estrada da Senhora do \u00d3 para Fonte Boa da Brincosa.<\/p>\n<p>Madeira: 32 ocorr\u00eancias de madrugada<\/p>\n<p data-remotead-prev-elm=\"true\" data-remotead-elm-id=\"centro4\">Na Madeira, o Servi\u00e7o Regional de Prote\u00e7\u00e3o Civil registou 32 ocorr\u00eancias relacionadas com o mau tempo, entre as 18 horas de quarta-feira e as 8 horas de hoje: foram sinalizadas 19 quedas de \u00e1rvore, seis a\u00e7\u00f5es preventivas de redu\u00e7\u00e3o do risco, tr\u00eas quedas de elementos de constru\u00e7\u00e3o, dois desentupimentos, uma queda de rede el\u00e9trica e uma inunda\u00e7\u00e3o.<\/p>\n<p>O Funchal registou 19 ocorr\u00eancias, Santa Cruz seis, Ribeira Brava quatro, Calheta uma, Machico uma e Santana tamb\u00e9m uma. V\u00e1rias vias e acessos foram encerrados ou condicionados, nomeadamente a estrada municipal do Ch\u00e3o da Lagoa e a estrada florestal entre a Eira do Serrado e o Pico do Areeiro, nas zonas altas do Funchal. Nos concelhos da Ribeira Brava, Ponta do Sol e C\u00e2mara de Lobos, na zona oeste da ilha, os acessos \u00e0 orla costeira tamb\u00e9m est\u00e3o condicionados.<\/p>\n<p>O IPMA tinha emitido aviso vermelho at\u00e9 \u00e0s 10 horas de hoje para os distritos de Set\u00fabal e Santar\u00e9m. E tamb\u00e9m avisos meteorol\u00f3gicos para Viseu, \u00c9vora, Porto, Guarda, Faro, Viana do Castelo, Lisboa, Leiria, Beja, Castelo Branco, Aveiro, Coimbra, Portalegre e Braga por causa da chuva forte e persistente at\u00e9 s\u00e1bado.<\/p>\n","protected":false},"excerpt":{"rendered":"A Autoridade Nacional de Emerg\u00eancia e Prote\u00e7\u00e3o Civil (ANEPC) registou, at\u00e9 \u00e0s 13 horas, 1292 ocorr\u00eancias devido ao&hellip;\n","protected":false},"author":2,"featured_media":150772,"comment_status":"","ping_status":"","sticky":false,"template":"","format":"standard","meta":{"footnotes":""},"categories":[10],"tags":[27,28,32282,15,16,14,25,26,21,22,8532,619,12,13,19,20,32,23,24,33,17,18,29,30,31],"class_list":{"0":"post-150771","1":"post","2":"type-post","3":"status-publish","4":"format-standard","5":"has-post-thumbnail","7":"category-portugal","8":"tag-breaking-news","9":"tag-breakingnews","10":"tag-depressao-claudia","11":"tag-featured-news","12":"tag-featurednews","13":"tag-headlines","14":"tag-latest-news","15":"tag-latestnews","16":"tag-main-news","17":"tag-mainnews","18":"tag-mau-tempo","19":"tag-nacional","20":"tag-news","21":"tag-noticias","22":"tag-noticias-principais","23":"tag-noticiasprincipais","24":"tag-portugal","25":"tag-principais-noticias","26":"tag-principaisnoticias","27":"tag-pt","28":"tag-top-stories","29":"tag-topstories","30":"tag-ultimas","31":"tag-ultimas-noticias","32":"tag-ultimasnoticias"},"share_on_mastodon":{"url":"https:\/\/pubeurope.com\/@pt\/115543289902635910","error":""},"_links":{"self":[{"href":"https:\/\/www.europesays.com\/pt\/wp-json\/wp\/v2\/posts\/150771","targetHints":{"allow":["GET"]}}],"collection":[{"href":"https:\/\/www.europesays.com\/pt\/wp-json\/wp\/v2\/posts"}],"about":[{"href":"https:\/\/www.europesays.com\/pt\/wp-json\/wp\/v2\/types\/post"}],"author":[{"embeddable":true,"href":"https:\/\/www.europesays.com\/pt\/wp-json\/wp\/v2\/users\/2"}],"replies":[{"embeddable":true,"href":"https:\/\/www.europesays.com\/pt\/wp-json\/wp\/v2\/comments?post=150771"}],"version-history":[{"count":0,"href":"https:\/\/www.europesays.com\/pt\/wp-json\/wp\/v2\/posts\/150771\/revisions"}],"wp:featuredmedia":[{"embeddable":true,"href":"https:\/\/www.europesays.com\/pt\/wp-json\/wp\/v2\/media\/150772"}],"wp:attachment":[{"href":"https:\/\/www.europesays.com\/pt\/wp-json\/wp\/v2\/media?parent=150771"}],"wp:term":[{"taxonomy":"category","embeddable":true,"href":"https:\/\/www.europesays.com\/pt\/wp-json\/wp\/v2\/categories?post=150771"},{"taxonomy":"post_tag","embeddable":true,"href":"https:\/\/www.europesays.com\/pt\/wp-json\/wp\/v2\/tags?post=150771"}],"curies":[{"name":"wp","href":"https:\/\/api.w.org\/{rel}","templated":true}]}}