{"id":150773,"date":"2025-11-13T16:17:16","date_gmt":"2025-11-13T16:17:16","guid":{"rendered":"https:\/\/www.europesays.com\/pt\/150773\/"},"modified":"2025-11-13T16:17:16","modified_gmt":"2025-11-13T16:17:16","slug":"coimbra-bebe-encontrado-morto-em-empresa-de-lixo-observador","status":"publish","type":"post","link":"https:\/\/www.europesays.com\/pt\/150773\/","title":{"rendered":"Coimbra. Beb\u00e9 encontrado morto em empresa de lixo \u2013 Observador"},"content":{"rendered":"<p>Um beb\u00e9 rec\u00e9m-nascido foi encontrado morto esta quarta-feira \u00e0 noite numa empresa de tratamento de lixo em Coimbra, avan\u00e7ou o <a href=\"https:\/\/www.diariocoimbra.pt\/2025\/11\/12\/bebe-encontrado-morto-na-lixeira-em-vil-de-matos\/\" rel=\"nofollow noopener\" target=\"_blank\">Di\u00e1rio de Coimbra<\/a> e confirmou o Observador junto do Comando Territorial de Coimbra da GNR.<\/p>\n<p>O alerta foi dado por volta das 21h por um funcion\u00e1rio da ERSUC \u2013 Res\u00edduos S\u00f3lidos do Centro (uma empresa situada em Vil de Matos na zona norte da cidade de Coimbra), que encontrou o beb\u00e9 j\u00e1 sem vida e ainda com o cord\u00e3o umbilical, confirma a GNR.<\/p>\n<p>Entretanto, o caso passou para a al\u00e7ada da Pol\u00edcia Judici\u00e1ria do Centro. A GNR n\u00e3o sabe h\u00e1 quanto tempo o beb\u00e9 poder\u00e1 ter sido deixado na empresa de tratamento de lixo \u2014 uma das maiores do pa\u00eds e que faz o tratamento de res\u00edduos de 36 munic\u00edpios da zona centro.<\/p>\n","protected":false},"excerpt":{"rendered":"Um beb\u00e9 rec\u00e9m-nascido foi encontrado morto esta quarta-feira \u00e0 noite numa empresa de tratamento de lixo em Coimbra,&hellip;\n","protected":false},"author":2,"featured_media":150774,"comment_status":"","ping_status":"","sticky":false,"template":"","format":"standard","meta":{"footnotes":""},"categories":[8],"tags":[32766,27,28,1911,604,15,16,14,25,26,21,22,1982,12,13,19,20,57,32,23,24,33,58,17,18,29,30,31],"class_list":{"0":"post-150773","1":"post","2":"type-post","3":"status-publish","4":"format-standard","5":"has-post-thumbnail","7":"category-principais-noticias","8":"tag-bebu00e9s","9":"tag-breaking-news","10":"tag-breakingnews","11":"tag-coimbra","12":"tag-crime","13":"tag-featured-news","14":"tag-featurednews","15":"tag-headlines","16":"tag-latest-news","17":"tag-latestnews","18":"tag-main-news","19":"tag-mainnews","20":"tag-natalidade","21":"tag-news","22":"tag-noticias","23":"tag-noticias-principais","24":"tag-noticiasprincipais","25":"tag-pau00eds","26":"tag-portugal","27":"tag-principais-noticias","28":"tag-principaisnoticias","29":"tag-pt","30":"tag-sociedade","31":"tag-top-stories","32":"tag-topstories","33":"tag-ultimas","34":"tag-ultimas-noticias","35":"tag-ultimasnoticias"},"share_on_mastodon":{"url":"https:\/\/pubeurope.com\/@pt\/115543293577109376","error":""},"_links":{"self":[{"href":"https:\/\/www.europesays.com\/pt\/wp-json\/wp\/v2\/posts\/150773","targetHints":{"allow":["GET"]}}],"collection":[{"href":"https:\/\/www.europesays.com\/pt\/wp-json\/wp\/v2\/posts"}],"about":[{"href":"https:\/\/www.europesays.com\/pt\/wp-json\/wp\/v2\/types\/post"}],"author":[{"embeddable":true,"href":"https:\/\/www.europesays.com\/pt\/wp-json\/wp\/v2\/users\/2"}],"replies":[{"embeddable":true,"href":"https:\/\/www.europesays.com\/pt\/wp-json\/wp\/v2\/comments?post=150773"}],"version-history":[{"count":0,"href":"https:\/\/www.europesays.com\/pt\/wp-json\/wp\/v2\/posts\/150773\/revisions"}],"wp:featuredmedia":[{"embeddable":true,"href":"https:\/\/www.europesays.com\/pt\/wp-json\/wp\/v2\/media\/150774"}],"wp:attachment":[{"href":"https:\/\/www.europesays.com\/pt\/wp-json\/wp\/v2\/media?parent=150773"}],"wp:term":[{"taxonomy":"category","embeddable":true,"href":"https:\/\/www.europesays.com\/pt\/wp-json\/wp\/v2\/categories?post=150773"},{"taxonomy":"post_tag","embeddable":true,"href":"https:\/\/www.europesays.com\/pt\/wp-json\/wp\/v2\/tags?post=150773"}],"curies":[{"name":"wp","href":"https:\/\/api.w.org\/{rel}","templated":true}]}}