{"id":150777,"date":"2025-11-13T16:23:16","date_gmt":"2025-11-13T16:23:16","guid":{"rendered":"https:\/\/www.europesays.com\/pt\/150777\/"},"modified":"2025-11-13T16:23:16","modified_gmt":"2025-11-13T16:23:16","slug":"doomsday-estrearia-hoje-12-na-internet","status":"publish","type":"post","link":"https:\/\/www.europesays.com\/pt\/150777\/","title":{"rendered":"Doomsday estrearia hoje (12) na internet"},"content":{"rendered":"<p>O lan\u00e7amento do <a href=\"https:\/\/www.youtube.com\/watch?v=ezFb7Yxx80k&amp;pp=ygUVbyBkaWFibyB2ZXN0ZSBwcmFkYSAy\" rel=\"nofollow noopener\" target=\"_blank\">primeiro trailer<\/a> de <strong>O Diabo Veste Prada 2<\/strong> pela Disney, nesta quarta-feira (12), gerou uma onda inesperada de teorias entre os f\u00e3s da Marvel.<\/p>\n<p>O motivo? Este novo filme ocupa a data de estreia de 30 de abril de 2026, que originalmente pertencia a <a href=\"https:\/\/legadodamarvel.com.br\/filme\/vingadores-doomsday\" rel=\"nofollow noopener\" target=\"_blank\">Vingadores: Doomsday<\/a>. Com isso, muitos f\u00e3s est\u00e3o teorizando hoje nas redes sociais que, se a Marvel n\u00e3o tivesse mudado seus planos, <strong>hoje teria sido o dia do lan\u00e7amento do primeiro trailer dos Vingadores<\/strong>.<\/p>\n<p>A teoria, de fato, faz muito sentido quando analisamos o calend\u00e1rio de marketing da ind\u00fastria. Inicialmente, <strong>Vingadores: Doomsday<\/strong> estava planejado para estrear no final de abril de 2026.<\/p>\n<p>Lan\u00e7ar um primeiro trailer em meados de novembro (cerca de cinco a seis meses antes) segue perfeitamente a estrat\u00e9gia padr\u00e3o para um blockbuster dessa magnitude.<\/p>\n<p>Trailer de Vingadores: Doomdsay seria lan\u00e7ado hoje (12)?<\/p>\n<p>O fato de a Disney ter usado exatamente esta data (12 de novembro) para lan\u00e7ar o trailer do filme substituto (<strong>O Diabo Veste Prada 2<\/strong>) refor\u00e7a a ideia de que este era o \u201cslot\u201d de marketing que o est\u00fadio j\u00e1 havia reservado em seu cronograma.<\/p>\n<p>Como bem sabemos, o filme dos <a href=\"https:\/\/legadodamarvel.com.br\/tag\/vingadores\" rel=\"nofollow noopener\" target=\"_blank\">Vingadores<\/a> sofreu um grande adiamento e agora est\u00e1 programado para 17 de dezembro de 2026. Por fim, a Disney, que n\u00e3o perde tempo, moveu outra de suas grandes apostas para a data que ficou vaga em abril.<\/p>\n<p>Portanto, o trailer de hoje serviu aos f\u00e3s da Marvel como um lembrete agridoce do que poderia ter sido. E de como o cronograma original sofreu altera\u00e7\u00e3o dr\u00e1stica.<\/p>\n<p>Voc\u00ea acredita que sim? Comente conosco! Lembrando que o trailer de <strong>Doomsday<\/strong> deve estrear em dezembro, portanto, fique ligado no <strong>Legado da Marvel<\/strong> para n\u00e3o perder nenhuma novidade nas pr\u00f3ximas semanas!<\/p>\n","protected":false},"excerpt":{"rendered":"O lan\u00e7amento do primeiro trailer de O Diabo Veste Prada 2 pela Disney, nesta quarta-feira (12), gerou uma&hellip;\n","protected":false},"author":2,"featured_media":150778,"comment_status":"","ping_status":"","sticky":false,"template":"","format":"standard","meta":{"footnotes":""},"categories":[140],"tags":[114,115,147,148,146,32,33,14176],"class_list":{"0":"post-150777","1":"post","2":"type-post","3":"status-publish","4":"format-standard","5":"has-post-thumbnail","7":"category-filmes","8":"tag-entertainment","9":"tag-entretenimento","10":"tag-film","11":"tag-filmes","12":"tag-movies","13":"tag-portugal","14":"tag-pt","15":"tag-vingadores-doomsday"},"share_on_mastodon":{"url":"https:\/\/pubeurope.com\/@pt\/115543317566229284","error":""},"_links":{"self":[{"href":"https:\/\/www.europesays.com\/pt\/wp-json\/wp\/v2\/posts\/150777","targetHints":{"allow":["GET"]}}],"collection":[{"href":"https:\/\/www.europesays.com\/pt\/wp-json\/wp\/v2\/posts"}],"about":[{"href":"https:\/\/www.europesays.com\/pt\/wp-json\/wp\/v2\/types\/post"}],"author":[{"embeddable":true,"href":"https:\/\/www.europesays.com\/pt\/wp-json\/wp\/v2\/users\/2"}],"replies":[{"embeddable":true,"href":"https:\/\/www.europesays.com\/pt\/wp-json\/wp\/v2\/comments?post=150777"}],"version-history":[{"count":0,"href":"https:\/\/www.europesays.com\/pt\/wp-json\/wp\/v2\/posts\/150777\/revisions"}],"wp:featuredmedia":[{"embeddable":true,"href":"https:\/\/www.europesays.com\/pt\/wp-json\/wp\/v2\/media\/150778"}],"wp:attachment":[{"href":"https:\/\/www.europesays.com\/pt\/wp-json\/wp\/v2\/media?parent=150777"}],"wp:term":[{"taxonomy":"category","embeddable":true,"href":"https:\/\/www.europesays.com\/pt\/wp-json\/wp\/v2\/categories?post=150777"},{"taxonomy":"post_tag","embeddable":true,"href":"https:\/\/www.europesays.com\/pt\/wp-json\/wp\/v2\/tags?post=150777"}],"curies":[{"name":"wp","href":"https:\/\/api.w.org\/{rel}","templated":true}]}}