{"id":150785,"date":"2025-11-13T16:28:30","date_gmt":"2025-11-13T16:28:30","guid":{"rendered":"https:\/\/www.europesays.com\/pt\/150785\/"},"modified":"2025-11-13T16:28:30","modified_gmt":"2025-11-13T16:28:30","slug":"nova-aposta-hyundai-e-verde-e-supera-os-eletricos-em-autonomia-e-carregamento","status":"publish","type":"post","link":"https:\/\/www.europesays.com\/pt\/150785\/","title":{"rendered":"Nova aposta Hyundai: \u00e9 \u201cverde\u201d e supera os el\u00e9tricos em autonomia e carregamento"},"content":{"rendered":"<p class=\"leading\">\n                A Hyundai tem uma presen\u00e7a forte no segmento de ve\u00edculos el\u00e9tricos, mas ainda assim conta com uma op\u00e7\u00e3o \u201cverde\u201d que n\u00e3o \u00e9 el\u00e9trica e ganha em autonomia e carregamento.             <\/p>\n<p>        <img decoding=\"async\" alt=\"Hyundai Nexo 2026\" height=\"900\" src=\"https:\/\/www.europesays.com\/pt\/wp-content\/uploads\/2025\/11\/hyundai-nexo-2026-designer-credito-hyundai.jpg\" width=\"1600\" fetchpriority=\"high\"\/><br \/>\nHyundai Nexo 2026 Cr\u00e9dito@Hyundai<br \/>\nHyundai Nexo 2026 com autonomia para mais de 800 km<\/p>\n<p>Depois de ter apresentado o <a href=\"https:\/\/4gnews.pt\/carro-do-futuro-novo-hyundai-a-hidrogenio-surpreende-na-autonomia-e-tecnologia\/\" rel=\"nofollow noopener\" target=\"_blank\">Nexo 2026 em abril passado<\/a>, agora a <strong>Hyundai <\/strong>est\u00e1 a revelar mais pormenores cruciais desta sua op\u00e7\u00e3o verde que se move a <strong>hidrog\u00e9nio<\/strong>. Por essa raz\u00e3o, o <strong>Nexo 2026<\/strong> apresenta n\u00fameros dif\u00edceis de superar, como por exemplo, uma <strong>autonomia <\/strong>para <strong>826 quil\u00f3metros<\/strong>.<\/p>\n<p>Tudo gra\u00e7as \u00e0 nova <strong>bateria <\/strong>integrada que gera agora <strong>80 kW<\/strong> \u2013 o dobro do seu antecessor. Mas h\u00e1 mais e melhor. O Nexo 2026 tamb\u00e9m pode ser <strong>recarregado <\/strong>em apenas <strong>5 minutos<\/strong>. A dificuldade para os ve\u00edculos movidos a hidrog\u00e9nio \u00e9 <strong>encontrarem <\/strong>uma <strong>esta\u00e7\u00e3o <\/strong>de <strong>carregamento <\/strong>dedicada.<\/p>\n<p>Para ajudar a esta autonomia campe\u00e3, a Hyundai integrou no novo Nexo 2026 <strong>tr\u00eas tanques de hidrog\u00e9nio<\/strong>, sem comprometer o espa\u00e7o interno, <a href=\"https:\/\/www.hyundai.com\/worldwide\/en\/newsroom\/detail\/0000001056\" rel=\"nofollow noopener\" target=\"_blank\">avan\u00e7a a marca<\/a> em comunicado de imprensa.<\/p>\n<p>O Nexo 2026 conta com um <strong>motor <\/strong>el\u00e9trico de <strong>150 kW<\/strong> que lhe permite uma acelera\u00e7\u00e3o dos <strong>0 aos 100 km\/h<\/strong> em <strong>7,8 segundos<\/strong>. Uma atualiza\u00e7\u00e3o face ao modelo anterior que precisava de 9,2 segundos para a mesma acelera\u00e7\u00e3o.<\/p>\n<p>Interior \u00e9 uma ode \u00e0 tecnologia<\/p>\n<p>Tamb\u00e9m o <strong>interior <\/strong>vai ser do agrado dos adeptos de <strong>tecnologia<\/strong>. No habit\u00e1culo est\u00e3o <strong>dois ecr\u00e3s<\/strong> curvos de <strong>12,3 polegadas<\/strong> que fornecem informa\u00e7\u00e3o e entretenimento. Este modelo conta com <strong>suporte <\/strong>para <strong>Apple CarPlay<\/strong> e <strong>Android Auto<\/strong>, al\u00e9m de receber <strong>atualiza\u00e7\u00f5es <\/strong>remotamente.<\/p>\n<p>Aqui tamb\u00e9m h\u00e1 um <strong>Head-Up Display<\/strong>, uma <strong>c\u00e2mara <\/strong>integrada no painel, um <strong>leitor <\/strong>para <strong>impress\u00f5es digitais<\/strong> que funciona como igni\u00e7\u00e3o do carro e o <strong>sistema Digital Key 2<\/strong> que permite usar o smartphone ou Apple Watch como chave.<\/p>\n<p>Para j\u00e1, a Hyundai n\u00e3o especificou quais os mercados europeus em que vai disponibilizar o novo nexo 2026. Por isso, \u00e9 ainda uma inc\u00f3gnita se esta alternativa verde chega ao nosso pa\u00eds.<\/p>\n<p><a href=\"https:\/\/amzn.to\/4p5DN2m\" target=\"_blank\" rel=\"nofollow noreferrer noopener\"><img decoding=\"async\" alt=\"Suporte M\u00f3vel Miracase, suporte duplo metal para para-brisas\/salpico\/ventila\u00e7\u00e3o de ar\" height=\"488\" width=\"650\" class=\"lazyload\" src=\"https:\/\/www.europesays.com\/pt\/wp-content\/uploads\/2025\/11\/suporte-movel-miracase-suporte-duplo-metal-para-para-brisas-salpico-ventilacao-de-ar-51yoma5g89l-sl5.jpeg\" loading=\"lazy\"\/><\/a><\/p>\n<p>18,59 \u20acAmazon<\/p>\n<p>22,99 \u20ac-19%<\/p>\n<p class=\"inline-related-title\">Editores 4gnews recomendam:<\/p>\n","protected":false},"excerpt":{"rendered":"A Hyundai tem uma presen\u00e7a forte no segmento de ve\u00edculos el\u00e9tricos, mas ainda assim conta com uma op\u00e7\u00e3o&hellip;\n","protected":false},"author":2,"featured_media":150786,"comment_status":"","ping_status":"","sticky":false,"template":"","format":"standard","meta":{"footnotes":""},"categories":[83],"tags":[88,89,90,32,33],"class_list":{"0":"post-150785","1":"post","2":"type-post","3":"status-publish","4":"format-standard","5":"has-post-thumbnail","7":"category-empresas","8":"tag-business","9":"tag-economy","10":"tag-empresas","11":"tag-portugal","12":"tag-pt"},"share_on_mastodon":{"url":"https:\/\/pubeurope.com\/@pt\/115543337212505873","error":""},"_links":{"self":[{"href":"https:\/\/www.europesays.com\/pt\/wp-json\/wp\/v2\/posts\/150785","targetHints":{"allow":["GET"]}}],"collection":[{"href":"https:\/\/www.europesays.com\/pt\/wp-json\/wp\/v2\/posts"}],"about":[{"href":"https:\/\/www.europesays.com\/pt\/wp-json\/wp\/v2\/types\/post"}],"author":[{"embeddable":true,"href":"https:\/\/www.europesays.com\/pt\/wp-json\/wp\/v2\/users\/2"}],"replies":[{"embeddable":true,"href":"https:\/\/www.europesays.com\/pt\/wp-json\/wp\/v2\/comments?post=150785"}],"version-history":[{"count":0,"href":"https:\/\/www.europesays.com\/pt\/wp-json\/wp\/v2\/posts\/150785\/revisions"}],"wp:featuredmedia":[{"embeddable":true,"href":"https:\/\/www.europesays.com\/pt\/wp-json\/wp\/v2\/media\/150786"}],"wp:attachment":[{"href":"https:\/\/www.europesays.com\/pt\/wp-json\/wp\/v2\/media?parent=150785"}],"wp:term":[{"taxonomy":"category","embeddable":true,"href":"https:\/\/www.europesays.com\/pt\/wp-json\/wp\/v2\/categories?post=150785"},{"taxonomy":"post_tag","embeddable":true,"href":"https:\/\/www.europesays.com\/pt\/wp-json\/wp\/v2\/tags?post=150785"}],"curies":[{"name":"wp","href":"https:\/\/api.w.org\/{rel}","templated":true}]}}