{"id":150789,"date":"2025-11-13T16:30:10","date_gmt":"2025-11-13T16:30:10","guid":{"rendered":"https:\/\/www.europesays.com\/pt\/150789\/"},"modified":"2025-11-13T16:30:10","modified_gmt":"2025-11-13T16:30:10","slug":"cupula-da-ugt-avanca-para-greve-geral-a-11-de-dezembro","status":"publish","type":"post","link":"https:\/\/www.europesays.com\/pt\/150789\/","title":{"rendered":"C\u00fapula da UGT avan\u00e7a para greve geral a 11 de dezembro"},"content":{"rendered":"<p>&#13;<br \/>\n(em atualiza\u00e7\u00e3o)&#13;\n<\/p>\n<p>&#13;<br \/>\nO Secretariado Nacional da UGT decidiu esta quinta-feira avan\u00e7ar com a proposta, ao Conselho Geral, de participar na greve geral de 11 de dezembro.<br \/>&#13;\n<\/p>\n<p><\/p>\n<p>&#8220;<b>O Governo coloca quem negocia perante um jogo de tudo ou nada<\/b>, em que quaisquer evolu\u00e7\u00f5es ficam dependentes da assinatura de um acordo, sejam justas ou n\u00e3o&#8221;, refere o secretariado na resolu\u00e7\u00e3o a que o RTP teve acesso.<\/p>\n<p>&#8220;Isto n\u00e3o \u00e9 negociar&#8221;, acrescenta o documento.<\/p>\n<p>&#13;<br \/>\nA UGT considera que a lei laboral apresentada pelo Governo em sede de concerta\u00e7\u00e3o social \u00e9 \u201cfora de tempo\u201d e \u201catentat\u00f3ria do esp\u00edrito do di\u00e1logo social\u201d, j\u00e1 que \u201ctraduz uma op\u00e7\u00e3o clara em favor dos empregadores, cortando direitos aos trabalhadores e prejudicando a atividade dos sindicatos\u201d.&#13;\n<\/p>\n<p>&#13;<br \/>\n&#8220;O anteprojecto apresentado \u00e9 a antec\u00e2mara de uma reforma laboral para os patr\u00f5es e, por isso, <b>mereceu logo o rotundo n\u00e3o da UGT e dos seus sindicatos<\/b>&#8220;, l\u00ea-se no documento.&#13;\n<\/p>\n<p>&#13;<br \/>\nA UGT acusa ainda o Governo de passar de uma total abertura negocial \u00e0 necessidade de se respeitarem as \u201ctraves-mestras\u201d da reforma e at\u00e9 \u00e0 imposi\u00e7\u00e3o de linhas vermelhas.&#13;\n<\/p>\n<p>&#13;<br \/>\nPor estas raz\u00f5es, <b>a UGT e os seus sindicatos decidiram propor ao Conselho Geral da UGT \u201ca convoca\u00e7\u00e3o de uma greve geral para o dia 11 de dezembro de 2025\u201d.<\/b>&#13;\n<\/p>\n<p>&#13;<br \/>\nDecidiram ainda \u201ciniciar o di\u00e1logo e a articula\u00e7\u00e3o com outras estruturas representativas dos trabalhadores, com vista \u00e0 constru\u00e7\u00e3o de uma plataforma de converg\u00eancia na a\u00e7\u00e3o\u201d.&#13;\n<\/p>\n<p>&#13;<br \/>\nA greve, explica a Uni\u00e3o Geral de Trabalhadores, \u00e9 \u201ccontra uma reforma laboral que n\u00e3o pode avan\u00e7ar, contra um ataque sem precedentes aos trabalhadores e sindicatos, contra a indiferen\u00e7a face aos problemas reais dos portugueses e contra o simulacro negocial\u201d.<br \/>&#13;<\/p>\n","protected":false},"excerpt":{"rendered":"&#13; (em atualiza\u00e7\u00e3o)&#13; &#13; O Secretariado Nacional da UGT decidiu esta quinta-feira avan\u00e7ar com a proposta, ao Conselho&hellip;\n","protected":false},"author":2,"featured_media":150790,"comment_status":"","ping_status":"","sticky":false,"template":"","format":"standard","meta":{"footnotes":""},"categories":[10],"tags":[27,28,15,16,31789,14,25,26,21,22,12,13,19,20,32,23,24,33,32770,17,18,31790,29,30,31],"class_list":{"0":"post-150789","1":"post","2":"type-post","3":"status-publish","4":"format-standard","5":"has-post-thumbnail","7":"category-portugal","8":"tag-breaking-news","9":"tag-breakingnews","10":"tag-featured-news","11":"tag-featurednews","12":"tag-greve-geral","13":"tag-headlines","14":"tag-latest-news","15":"tag-latestnews","16":"tag-main-news","17":"tag-mainnews","18":"tag-news","19":"tag-noticias","20":"tag-noticias-principais","21":"tag-noticiasprincipais","22":"tag-portugal","23":"tag-principais-noticias","24":"tag-principaisnoticias","25":"tag-pt","26":"tag-secretariado","27":"tag-top-stories","28":"tag-topstories","29":"tag-ugt","30":"tag-ultimas","31":"tag-ultimas-noticias","32":"tag-ultimasnoticias"},"share_on_mastodon":{"url":"https:\/\/pubeurope.com\/@pt\/115543344601824266","error":""},"_links":{"self":[{"href":"https:\/\/www.europesays.com\/pt\/wp-json\/wp\/v2\/posts\/150789","targetHints":{"allow":["GET"]}}],"collection":[{"href":"https:\/\/www.europesays.com\/pt\/wp-json\/wp\/v2\/posts"}],"about":[{"href":"https:\/\/www.europesays.com\/pt\/wp-json\/wp\/v2\/types\/post"}],"author":[{"embeddable":true,"href":"https:\/\/www.europesays.com\/pt\/wp-json\/wp\/v2\/users\/2"}],"replies":[{"embeddable":true,"href":"https:\/\/www.europesays.com\/pt\/wp-json\/wp\/v2\/comments?post=150789"}],"version-history":[{"count":0,"href":"https:\/\/www.europesays.com\/pt\/wp-json\/wp\/v2\/posts\/150789\/revisions"}],"wp:featuredmedia":[{"embeddable":true,"href":"https:\/\/www.europesays.com\/pt\/wp-json\/wp\/v2\/media\/150790"}],"wp:attachment":[{"href":"https:\/\/www.europesays.com\/pt\/wp-json\/wp\/v2\/media?parent=150789"}],"wp:term":[{"taxonomy":"category","embeddable":true,"href":"https:\/\/www.europesays.com\/pt\/wp-json\/wp\/v2\/categories?post=150789"},{"taxonomy":"post_tag","embeddable":true,"href":"https:\/\/www.europesays.com\/pt\/wp-json\/wp\/v2\/tags?post=150789"}],"curies":[{"name":"wp","href":"https:\/\/api.w.org\/{rel}","templated":true}]}}