{"id":150865,"date":"2025-11-13T17:54:12","date_gmt":"2025-11-13T17:54:12","guid":{"rendered":"https:\/\/www.europesays.com\/pt\/150865\/"},"modified":"2025-11-13T17:54:12","modified_gmt":"2025-11-13T17:54:12","slug":"ronaldo-quer-ja-apuramento-para-mundial-martinez-espera-uma-irlanda-atrevida-2","status":"publish","type":"post","link":"https:\/\/www.europesays.com\/pt\/150865\/","title":{"rendered":"Ronaldo quer j\u00e1 apuramento para Mundial, Mart\u00ednez espera uma Irlanda atrevida"},"content":{"rendered":"<p>&#13;<br \/>\nO capit\u00e3o de Portugal afirmou que quer fechar j\u00e1 esta quinta-feira a qualifica\u00e7\u00e3o que considerou &#8220;muito boa&#8221;. &#8220;Estou muito feliz, estou a viver um momento bom, na era Mart\u00ednez. Estamos bem. Amanh\u00e3 podemos fechar uma qualifica\u00e7\u00e3o muito boa, na minha maneira de ver, e estamos muito positivos em rela\u00e7\u00e3o a isso.&#8221;&#13;\n<\/p>\n<p>\nQuanto ao cen\u00e1rio de marcar o golo mil na final do Mundial e ser campe\u00e3o, Cristiano Ronaldo, sorrindo respondeu: &#8220;Andas a ver muitos filmes, isso era demasiado perfeito. Voltando \u00e0 realidade, todos estes dados que tu disseste deixam-me feliz, obviamente. Uma sele\u00e7\u00e3o nunca depende de um s\u00f3 jogador, mas s\u00e3o dados interessantes e bons. Os dados do Mundial, o que disse foi dito, n\u00e3o quero voltar a repetir, os golos s\u00e3o sempre bons de se marcar. Quero jogar este pr\u00f3ximo Mundial, se n\u00e3o n\u00e3o estava aqui. Mas passo a passo. Se esses n\u00fameros se concretizassem, acabava a carreira em grande.&#8221;<\/p>\n<p>No que diz respeito a jogar na Irlanda, o craque portugu\u00eas referiu gostar muito da postura dos adeptos irlandeses, acrescentando ser um privil\u00e9gio jogar naquele pa\u00eds. &#8220;Gosto muito da postura dos adeptos irlandeses. \u00c9 um privil\u00e9gio jogar na Irlanda. Sabemos que vai ser um jogo duro, mas vou tentar ser um bom rapaz e marcar.&#8221; <\/p>\n<p>Cristiano Ronaldo espera uma Irlanda a explorar o contra-ataque e um jogo forte fisicamente. &#8220;Eu acredito que o jogo vai ser praticamente o mesmo. Claro que v\u00e3o ter os adeptos do seu lado. V\u00e3o esperar por n\u00f3s, jogar no contra-ataque. Estamos preparados&#8221;, disse o o jogador do Al Nassr. <br \/>&#13;\n<\/p>\n<p>          <img decoding=\"async\" itemprop=\"image\" class=\"img-fluid\"   src=\"https:\/\/www.europesays.com\/pt\/wp-content\/uploads\/2025\/11\/1763056452_916_bec8d9edc14f939edf72664c6845e018_N.jpg\"\/><\/p>\n<p>\nJ\u00e1 o selecionador nacional Roberto Mart\u00ednez, na antevis\u00e3o do encontro com a Irlanda, afirmou esperar uma equipa diferente daquela que jogou em solo portugu\u00eas e que vai ser mais perigosa com bola.  &#8220;Espero um jogo tal como aconteceu em Lisboa, mas acho que amanh\u00e3 vamos ver um outro lado da Irlanda, uma equipa que poder\u00e1 criar mais perigo com bola, que estar\u00e1 mais presente no \u00faltimo ter\u00e7o do terreno de jogo.&#8221; <\/p>\n<p>Segundo Robertp Mart\u00ednez, &#8220;ser\u00e1 preciso muita concentra\u00e7\u00e3o porque o jogo poder\u00e1 mudar muito r\u00e1pido. Ser\u00e1 um desafio real para Portugal amanh\u00e3. J\u00e1 experienciei o ambiente deste est\u00e1dio. Ser\u00e1 preciso muita concentra\u00e7\u00e3o amanh\u00e3 porque o jogo poder\u00e1 mudar muito r\u00e1pido. Ser\u00e1 um tipo de jogo mais brit\u00e2nico, pelo que facilmente se poder\u00e1 partir. Acredito que a equipa est\u00e1 preparada para o jogo, afirmou.&#8221; <\/p>\n<p>O t\u00e9cnico espanhol da sele\u00e7\u00e3o das quinas quer Portugal a jogar bem porque, assim, &#8220;teremos mais hip\u00f3teses de ganhar o jogo de amanh\u00e3&#8221;, salientando a vontade de conquistar seis pontos nesta dupla jornada de qualifica\u00e7\u00e3o europeia para o Mundial de 2026.<\/p>\n<p>Sobre o facto de ser o \u00faltimo Mundial de Cristiano Ronaldo, ali\u00e1s assunto referido pelo pr\u00f3prio capit\u00e3o da sele\u00e7\u00e3o, Mart\u00ednez diise que &#8220;j\u00e1 falamos sobre isso muitas. Para as equipas t\u00e9cnicas o foco \u00e9 o pr\u00f3ximo passo e o nosso \u00e9 ganhar o pr\u00f3ximo jogo para conseguirmos o apuramento. N\u00e3o \u00e9 olhar para o facto de ser o \u00faltimo Mundial de um jogador, mas sim para os cinco que ele j\u00e1 tem. J\u00e1 falei sobre isso no dia da convocat\u00f3ria. Ficou quase proibido falar do Mundial e de olhar para a frente. Estamos a falar agora da Irlanda e queremos ter um bom desempenho&#8221;, concluiu.&#13;\n            <\/p>\n","protected":false},"excerpt":{"rendered":"&#13; O capit\u00e3o de Portugal afirmou que quer fechar j\u00e1 esta quinta-feira a qualifica\u00e7\u00e3o que considerou &#8220;muito boa&#8221;.&hellip;\n","protected":false},"author":2,"featured_media":150091,"comment_status":"","ping_status":"","sticky":false,"template":"","format":"standard","meta":{"footnotes":""},"categories":[8],"tags":[27,28,15,16,14,25,26,21,22,12,13,19,20,32,23,24,33,420,421,17,18,29,30,31],"class_list":{"0":"post-150865","1":"post","2":"type-post","3":"status-publish","4":"format-standard","5":"has-post-thumbnail","7":"category-principais-noticias","8":"tag-breaking-news","9":"tag-breakingnews","10":"tag-featured-news","11":"tag-featurednews","12":"tag-headlines","13":"tag-latest-news","14":"tag-latestnews","15":"tag-main-news","16":"tag-mainnews","17":"tag-news","18":"tag-noticias","19":"tag-noticias-principais","20":"tag-noticiasprincipais","21":"tag-portugal","22":"tag-principais-noticias","23":"tag-principaisnoticias","24":"tag-pt","25":"tag-rtp","26":"tag-rtp-noticias","27":"tag-top-stories","28":"tag-topstories","29":"tag-ultimas","30":"tag-ultimas-noticias","31":"tag-ultimasnoticias"},"share_on_mastodon":{"url":"https:\/\/pubeurope.com\/@pt\/115543675271524194","error":""},"_links":{"self":[{"href":"https:\/\/www.europesays.com\/pt\/wp-json\/wp\/v2\/posts\/150865","targetHints":{"allow":["GET"]}}],"collection":[{"href":"https:\/\/www.europesays.com\/pt\/wp-json\/wp\/v2\/posts"}],"about":[{"href":"https:\/\/www.europesays.com\/pt\/wp-json\/wp\/v2\/types\/post"}],"author":[{"embeddable":true,"href":"https:\/\/www.europesays.com\/pt\/wp-json\/wp\/v2\/users\/2"}],"replies":[{"embeddable":true,"href":"https:\/\/www.europesays.com\/pt\/wp-json\/wp\/v2\/comments?post=150865"}],"version-history":[{"count":0,"href":"https:\/\/www.europesays.com\/pt\/wp-json\/wp\/v2\/posts\/150865\/revisions"}],"wp:featuredmedia":[{"embeddable":true,"href":"https:\/\/www.europesays.com\/pt\/wp-json\/wp\/v2\/media\/150091"}],"wp:attachment":[{"href":"https:\/\/www.europesays.com\/pt\/wp-json\/wp\/v2\/media?parent=150865"}],"wp:term":[{"taxonomy":"category","embeddable":true,"href":"https:\/\/www.europesays.com\/pt\/wp-json\/wp\/v2\/categories?post=150865"},{"taxonomy":"post_tag","embeddable":true,"href":"https:\/\/www.europesays.com\/pt\/wp-json\/wp\/v2\/tags?post=150865"}],"curies":[{"name":"wp","href":"https:\/\/api.w.org\/{rel}","templated":true}]}}