{"id":150868,"date":"2025-11-13T17:56:06","date_gmt":"2025-11-13T17:56:06","guid":{"rendered":"https:\/\/www.europesays.com\/pt\/150868\/"},"modified":"2025-11-13T17:56:06","modified_gmt":"2025-11-13T17:56:06","slug":"o-detective-misterioso-na-fotografia-do-assalto-ao-louvre-e-um-dandi-de-15-anos-museu-do-louvre","status":"publish","type":"post","link":"https:\/\/www.europesays.com\/pt\/150868\/","title":{"rendered":"O \u201cdetective misterioso\u201d na fotografia do assalto ao Louvre \u00e9 um d\u00e2ndi de 15 anos | Museu do Louvre"},"content":{"rendered":"<p>Tr\u00eas pol\u00edcias encostados a um carro junto ao ent\u00e3o acabado de assaltar museu do Louvre. Dois deles olham um jovem d\u00e2ndi que por l\u00e1 passa: chap\u00e9u, colete, gravata. Parece uma personagem sa\u00edda dos anos 1940, mas \u00e9, na verdade, Pedro Elias Garzon, franc\u00eas de 15 anos, que gra\u00e7as \u00e0 sua apar\u00eancia fez a internet fantasiar: seria este \u201cFedora Man\u201d, como passaram a chamar-lhe, um detective pronto a resolver o caso, com um bloco de notas e um cachimbo no canto da boca?<\/p>\n<p>A imagem foi captada pelo fot\u00f3grafo da Associated Press (AP) Thibault Camus, no dia em que o museu franc\u00eas foi assaltado e a pol\u00edcia impedia a entrada no mesmo. F\u00e3 de Sherlock Holmes e Hercule Poirot, Pedro vive em Rambouillet, na zona Oeste de Paris e, apesar de inicialmente n\u00e3o querer desvendar a sua identidade para alimentar o misticismo na internet, acabou por abra\u00e7ar a personagem identificar-se como o \u201cmisterioso detective do Louvre\u201d na sua biografia do Instagram.<\/p>\n<p>Estar naquela foto foi um acaso. Tinha ido com a m\u00e3e ao Louvre; n\u00e3o sabiam que o <a href=\"https:\/\/www.publico.pt\/2025\/10\/19\/culturaipsilon\/noticia\/museu-louvre-encerrado-apos-roubo-joias-napoleao-2151375\" rel=\"nofollow noopener\" target=\"_blank\">museu tinha sido assaltado <\/a>em plena luz do dia. \u201cQuando a foto tirada, n\u00e3o sabia [do assalto]. S\u00f3 estava a passar\u201d, contou \u00e0 AP.<\/p>\n<p>        &#13;<\/p>\n<blockquote class=\"instagram-media\" data-instgrm-captioned=\"\" data-instgrm-permalink=\"https:\/\/www.instagram.com\/reel\/DQVEdx-AJkI\/?utm_source=ig_embed&amp;utm_campaign=loading\" data-instgrm-version=\"14\" style=\" background:#FFF; border:0; border-radius:3px; box-shadow:0 0 1px 0 rgba(0,0,0,0.5),0 1px 10px 0 rgba(0,0,0,0.15); margin: 1px; max-width:540px; min-width:326px; padding:0; width:99.375%; width:-webkit-calc(100% - 2px); width:calc(100% - 2px);\"\/><p>&#13;<br \/>\n&#13;<\/p>\n<p>Quatro dias depois, recebeu uma mensagem de uma conhecida que lhe perguntou se aquele era ele: \u201cDisse-me que j\u00e1 tinha cinco milh\u00f5es de visualiza\u00e7\u00f5es. Fiquei surpreso.\u201d Da\u00ed para chegar ao New York Times foi um instante. \u201cFiquei estupefacto como, com apenas uma foto, podes tornar-te viral numa quest\u00e3o de dias\u201d, confessa. Mas percebe o entusiasmo: \u201cQuando algo diferente acontece, n\u00e3o imaginas um detective normal. Imaginas algu\u00e9m diferente.\u201d Mais ainda num assalto que mexeu com a internet como este: na era da intelig\u00eancia artificial, um assalto &#8220;\u00e0 moda antiga&#8221; foi &#8220;refrescante&#8221;, como se viu muitos dizer.<\/p>\n<p>Pedro come\u00e7ou a vestir-se assim h\u00e1 menos de um ano, inspirado pela est\u00e9tica dos filmes de detectives a preto e branco e pela hist\u00f3ria do s\u00e9culo XX. A influ\u00eancia da m\u00e3e tamb\u00e9m pesou. F\u00e9licit\u00e9 Delvaux \u00e9 filha de um curador e performer e cresceu num pal\u00e1cio-museu do s\u00e9culo XVIII.<\/p>\n<p>\u201cGosto de ser chique. Vou para a escola assim\u201d, diz. Excepto o chap\u00e9u, que fica reservado para momentos mais solenes, como a ida ao museu, o fim-de-semana ou as f\u00e9rias. E acredita que j\u00e1 influenciou amigos: um deles levou uma gravata para a escola.<\/p>\n<p>Eternizado numa foto, Pedro quer agarrar o momento de fama. \u201cEstou \u00e0 espera que me contactem para filmes. Seria muito engra\u00e7ado\u201d, sorri. \u201cVou continuar a vestir-me assim. \u00c9 o meu estilo.\u201d<\/p>\n<p>            <script async src=\"\/\/www.instagram.com\/embed.js\"><\/script><\/p>\n","protected":false},"excerpt":{"rendered":"Tr\u00eas pol\u00edcias encostados a um carro junto ao ent\u00e3o acabado de assaltar museu do Louvre. Dois deles olham&hellip;\n","protected":false},"author":2,"featured_media":150869,"comment_status":"","ping_status":"","sticky":false,"template":"","format":"standard","meta":{"footnotes":""},"categories":[144],"tags":[207,205,206,203,201,202,204,114,115,2085,208,12926,534,542,32,33,291],"class_list":{"0":"post-150868","1":"post","2":"type-post","3":"status-publish","4":"format-standard","5":"has-post-thumbnail","7":"category-arte-e-design","8":"tag-arte","9":"tag-arte-e-design","10":"tag-artedesign","11":"tag-arts","12":"tag-arts-and-design","13":"tag-artsanddesign","14":"tag-design","15":"tag-entertainment","16":"tag-entretenimento","17":"tag-fotografia","18":"tag-franca","19":"tag-museu-do-louvre","20":"tag-p3","21":"tag-para-redes","22":"tag-portugal","23":"tag-pt","24":"tag-relaxar"},"share_on_mastodon":{"url":"https:\/\/pubeurope.com\/@pt\/115543682843956046","error":""},"_links":{"self":[{"href":"https:\/\/www.europesays.com\/pt\/wp-json\/wp\/v2\/posts\/150868","targetHints":{"allow":["GET"]}}],"collection":[{"href":"https:\/\/www.europesays.com\/pt\/wp-json\/wp\/v2\/posts"}],"about":[{"href":"https:\/\/www.europesays.com\/pt\/wp-json\/wp\/v2\/types\/post"}],"author":[{"embeddable":true,"href":"https:\/\/www.europesays.com\/pt\/wp-json\/wp\/v2\/users\/2"}],"replies":[{"embeddable":true,"href":"https:\/\/www.europesays.com\/pt\/wp-json\/wp\/v2\/comments?post=150868"}],"version-history":[{"count":0,"href":"https:\/\/www.europesays.com\/pt\/wp-json\/wp\/v2\/posts\/150868\/revisions"}],"wp:featuredmedia":[{"embeddable":true,"href":"https:\/\/www.europesays.com\/pt\/wp-json\/wp\/v2\/media\/150869"}],"wp:attachment":[{"href":"https:\/\/www.europesays.com\/pt\/wp-json\/wp\/v2\/media?parent=150868"}],"wp:term":[{"taxonomy":"category","embeddable":true,"href":"https:\/\/www.europesays.com\/pt\/wp-json\/wp\/v2\/categories?post=150868"},{"taxonomy":"post_tag","embeddable":true,"href":"https:\/\/www.europesays.com\/pt\/wp-json\/wp\/v2\/tags?post=150868"}],"curies":[{"name":"wp","href":"https:\/\/api.w.org\/{rel}","templated":true}]}}