{"id":150872,"date":"2025-11-13T18:00:15","date_gmt":"2025-11-13T18:00:15","guid":{"rendered":"https:\/\/www.europesays.com\/pt\/150872\/"},"modified":"2025-11-13T18:00:15","modified_gmt":"2025-11-13T18:00:15","slug":"morro-dos-ventos-uivantes-ganha-poster-com-protagonistas","status":"publish","type":"post","link":"https:\/\/www.europesays.com\/pt\/150872\/","title":{"rendered":"Morro dos Ventos Uivantes ganha p\u00f4ster com protagonistas"},"content":{"rendered":"<p>A nova adapta\u00e7\u00e3o de\u00a0<strong>O Morro dos Ventos Uivantes\u00a0<\/strong>acaba de ganhar um novo p\u00f4ster com os personagens de\u00a0<strong>Jacob Elordi\u00a0<\/strong>e\u00a0<strong>Margot Robbie<\/strong>. Veja a seguir.<\/p>\n<p>            Continua depois da Publicidade<\/p>\n<p>    Tudo sobre o novo O Morro dos Ventos Uivantes<\/p>\n<p>O filme \u00e9 estrelado por\u00a0<strong>Margot Robbie<\/strong>\u00a0e\u00a0<strong>Jacob Elordi\u00a0<\/strong>nos pap\u00e9is principais.\u00a0O Morro dos Ventos Uivantes\u00a0se passa em Yorkshire e gira em torno das rela\u00e7\u00f5es entre duas fam\u00edlias: os Earnshaw e os Linton. A narrativa \u00e9 enquadrada pelo Sr. Lockwood, um inquilino de Thrushcross Grange, que aprende sobre a hist\u00f3ria de Wuthering Heights atrav\u00e9s de Nelly Dean. O cerne do romance \u00e9 a hist\u00f3ria de amor entre Heathcliff, um \u00f3rf\u00e3o adotado pelo Sr. Earnshaw, e a filha do Sr. Earnshaw, Catherine.<\/p>\n<p>A hist\u00f3ria foi adaptada para o cinema e a TV v\u00e1rias vezes com o passar dos anos, trazendo atores brancos como\u00a0Tom Hardy, Ralph Fiennes, Timothy Dalton\u00a0e\u00a0Laurence Olivier\u00a0no papel de Heathcliff. Somente o filme de 2011, protagonizado por\u00a0Kaya Scodelario, escalou um ator negro para o personagem:\u00a0James Howson.<\/p>\n<p data-gtm-vis-first-on-screen67967661_30=\"59766\" data-gtm-vis-has-fired67967661_30=\"1\" data-gtm-vis-recent-on-screen67967661_30=\"59766\" data-gtm-vis-total-visible-time67967661_30=\"100\">A nova vers\u00e3o de\u00a0O Morro dos Ventos Uivantes\u00a0chega aos cinemas em\u00a0<strong>12 de fevereiro de 2026<\/strong>.<\/p>\n<p>            Continua depois da Publicidade<\/p>\n","protected":false},"excerpt":{"rendered":"A nova adapta\u00e7\u00e3o de\u00a0O Morro dos Ventos Uivantes\u00a0acaba de ganhar um novo p\u00f4ster com os personagens de\u00a0Jacob Elordi\u00a0e\u00a0Margot&hellip;\n","protected":false},"author":2,"featured_media":150873,"comment_status":"","ping_status":"","sticky":false,"template":"","format":"standard","meta":{"footnotes":""},"categories":[140],"tags":[114,115,147,148,146,32,33],"class_list":{"0":"post-150872","1":"post","2":"type-post","3":"status-publish","4":"format-standard","5":"has-post-thumbnail","7":"category-filmes","8":"tag-entertainment","9":"tag-entretenimento","10":"tag-film","11":"tag-filmes","12":"tag-movies","13":"tag-portugal","14":"tag-pt"},"share_on_mastodon":{"url":"https:\/\/pubeurope.com\/@pt\/115543698645868611","error":""},"_links":{"self":[{"href":"https:\/\/www.europesays.com\/pt\/wp-json\/wp\/v2\/posts\/150872","targetHints":{"allow":["GET"]}}],"collection":[{"href":"https:\/\/www.europesays.com\/pt\/wp-json\/wp\/v2\/posts"}],"about":[{"href":"https:\/\/www.europesays.com\/pt\/wp-json\/wp\/v2\/types\/post"}],"author":[{"embeddable":true,"href":"https:\/\/www.europesays.com\/pt\/wp-json\/wp\/v2\/users\/2"}],"replies":[{"embeddable":true,"href":"https:\/\/www.europesays.com\/pt\/wp-json\/wp\/v2\/comments?post=150872"}],"version-history":[{"count":0,"href":"https:\/\/www.europesays.com\/pt\/wp-json\/wp\/v2\/posts\/150872\/revisions"}],"wp:featuredmedia":[{"embeddable":true,"href":"https:\/\/www.europesays.com\/pt\/wp-json\/wp\/v2\/media\/150873"}],"wp:attachment":[{"href":"https:\/\/www.europesays.com\/pt\/wp-json\/wp\/v2\/media?parent=150872"}],"wp:term":[{"taxonomy":"category","embeddable":true,"href":"https:\/\/www.europesays.com\/pt\/wp-json\/wp\/v2\/categories?post=150872"},{"taxonomy":"post_tag","embeddable":true,"href":"https:\/\/www.europesays.com\/pt\/wp-json\/wp\/v2\/tags?post=150872"}],"curies":[{"name":"wp","href":"https:\/\/api.w.org\/{rel}","templated":true}]}}