{"id":150912,"date":"2025-11-13T18:55:08","date_gmt":"2025-11-13T18:55:08","guid":{"rendered":"https:\/\/www.europesays.com\/pt\/150912\/"},"modified":"2025-11-13T18:55:08","modified_gmt":"2025-11-13T18:55:08","slug":"video-depressao-claudia-deixa-estadio-do-estoril-alagado-maisfutebol","status":"publish","type":"post","link":"https:\/\/www.europesays.com\/pt\/150912\/","title":{"rendered":"V\u00cdDEO: depress\u00e3o Claudia deixa est\u00e1dio do Estoril alagado &#8211; Maisfutebol"},"content":{"rendered":"<ol>\n<li><a href=\"https:\/\/news.google.com\/rss\/articles\/CBMinAFBVV95cUxOU09hN1NKNnR2a3BweHlOdjVPS2lXME1vcDk1OXVXb05hZXJBQzdJYVFNUXJNYXlVdUoxbzdzRkVpemQ1ZGQtSWI0OEQxdVNjYjdXQ2lVN1JlMHdhM3pZSm03NWVtUjJqZnFUTHduajdvRzFYd290RmFCSExrM1FFTURTeVNtbjNYMnA5MVNOU29pRk5BUkRYZ2R4MmQ?oc=5\" target=\"_blank\" rel=\"nofollow noopener\">V\u00cdDEO: depress\u00e3o Claudia deixa est\u00e1dio do Estoril alagado<\/a>&nbsp;&nbsp;Maisfutebol<\/li>\n<li><a href=\"https:\/\/news.google.com\/rss\/articles\/CBMivAFBVV95cUxOSFJNWU0tY0hyYUszVFRDcUs0M2pmek5uVTM4anU5b3RvUjE0bF9zZDJ3dnJVMlBIdURLb2EyOGd4emZrZjNpYU5iYWFDaXdPbFRPaFNfWmMteEIzREhHb2dLRU1Kdlp6NUI0aWg0d2pzREExVERTV05wc1EzTUdndDdsamtpQWJUM1Q1RlVIQmtTejg2NC1MY2VXbHVGaElBaEZKSXdYZFBCM1Nadzl4bm5xbWNTS3JOYTd2bw?oc=5\" target=\"_blank\" rel=\"nofollow noopener\">Depress\u00e3o Cl\u00e1udia provocou estragos no est\u00e1dio do Estoril (foto e v\u00eddeo)<\/a>&nbsp;&nbsp;A Bola<\/li>\n<li><a href=\"https:\/\/news.google.com\/rss\/articles\/CBMisAFBVV95cUxOOG5sdF83MXR1bmNzaHctWVY0ZWxMVjZLZ2RaWnVNVkplN3hndWlpRWdlV0xvUkNLMU16LUNXMEc3b3A4LXB1dF9Ua2xGOVBhSVFXMVVoc1lpTEUxZFVpekhWcEtrVWF4UHFhalI3TUpoalJ5ZDFBUWVPWWdfOWVzUWxKc21pVS11czltdGU4UGxGWFVJVV9MV2VteDJqOF82Nll5ZUZOSlN1NFRLUkRpeA?oc=5\" target=\"_blank\" rel=\"nofollow noopener\">V\u00cdDEO: depois de alagar, est\u00e1dio do Estoril j\u00e1 est\u00e1 assim: como \u00e9 poss\u00edvel?<\/a>&nbsp;&nbsp;Maisfutebol<\/li>\n<li><a href=\"https:\/\/news.google.com\/rss\/articles\/CBMisgFBVV95cUxNcEIwdC1XNmkxVUhUNnJocXZxOU1IRXVPamxyVm5BbVhwcVdUMHZuaDVtd2N6eC1NUlItZkR5cTNEbXZ3RDNIR3JzRlhlSWI3djFucWR4LXYzNUlPckNQZk5HU1lXb3ZKTnNMY29VUG5FOUNZcVNMcERWWGFIQTUxRkF4MXhqNjFNa0N4VXFRTHdSVDdTQVVqN0tQVXAtYzZncV9YLUdxMEdrSDNEZFFWTHl3?oc=5\" target=\"_blank\" rel=\"nofollow noopener\">&#8216;Cl\u00e1udia&#8217; n\u00e3o d\u00e1 tr\u00e9guas e Estoril foi \u00e0 procura da famosa &#8220;piscina&#8221;<\/a>&nbsp;&nbsp;SAPO<\/li>\n<li><a href=\"https:\/\/news.google.com\/rss\/articles\/CBMitwFBVV95cUxPZndubHpEN2RYN01sUG5kdnFBeWhGdlhBT1dUUW1nVnpNcnI0UkxpWXBYMHh1cG8yMzN0WE5lRGdkUXJWbHRqeWc1OXZTOVVvY0RtcVFWRXBQN2xrN0pCMWc5bDI0UjRUN1hnaU12R2g5NFFyZndoc05RRlhlcDVNbGZfek4wc2NCLU85czhMR2dTT2lSZE5HS1RfUmZ2aHNxbUhTak4tSDg4TTUtSE1zQmZ3alU2UzTSAbwBQVVfeXFMTnIzaU9XLTZnSmw2RldHcFhPQUl1aDRaNnRlWGhMVTZ6clVkRTV5RG1zUzZtNlZHNHQ1VEh2Z3EyRVdzS3pTYnRlM2FadlZMM01nVjVCbFJZcmRnNVBRWElyNmVkM2JzLWlwZmhFSkZGeFpWYnM4eDhqb3lMWFpHTG81MjgtcFZGQkFMUC1HNjdLcVZMUTJocWF2NFVocWhCS1RwNFd3blI5YTFmVTlQSW00YzBrWFlVMlhXeTE?oc=5\" target=\"_blank\" rel=\"nofollow noopener\">Estoril teve \u201cpiscina\u201d no relvado, mas j\u00e1 n\u00e3o tem<\/a>&nbsp;&nbsp;Renascen\u00e7a<\/li>\n<\/ol>\n","protected":false},"excerpt":{"rendered":"V\u00cdDEO: depress\u00e3o Claudia deixa est\u00e1dio do Estoril alagado&nbsp;&nbsp;Maisfutebol Depress\u00e3o Cl\u00e1udia provocou estragos no est\u00e1dio do Estoril (foto e&hellip;\n","protected":false},"author":2,"featured_media":150913,"comment_status":"","ping_status":"","sticky":false,"template":"","format":"standard","meta":{"footnotes":""},"categories":[87],"tags":[32174,1531,135,1969,36,46,8532,606,32,33,47,134],"class_list":{"0":"post-150912","1":"post","2":"type-post","3":"status-publish","4":"format-standard","5":"has-post-thumbnail","7":"category-desporto","8":"tag-claudia","9":"tag-depressao","10":"tag-desporto","11":"tag-estoril","12":"tag-liga","13":"tag-maisfutebol","14":"tag-mau-tempo","15":"tag-meteorologia","16":"tag-portugal","17":"tag-pt","18":"tag-pura-paixao","19":"tag-sports"},"share_on_mastodon":{"url":"https:\/\/pubeurope.com\/@pt\/115543915051133612","error":""},"_links":{"self":[{"href":"https:\/\/www.europesays.com\/pt\/wp-json\/wp\/v2\/posts\/150912","targetHints":{"allow":["GET"]}}],"collection":[{"href":"https:\/\/www.europesays.com\/pt\/wp-json\/wp\/v2\/posts"}],"about":[{"href":"https:\/\/www.europesays.com\/pt\/wp-json\/wp\/v2\/types\/post"}],"author":[{"embeddable":true,"href":"https:\/\/www.europesays.com\/pt\/wp-json\/wp\/v2\/users\/2"}],"replies":[{"embeddable":true,"href":"https:\/\/www.europesays.com\/pt\/wp-json\/wp\/v2\/comments?post=150912"}],"version-history":[{"count":0,"href":"https:\/\/www.europesays.com\/pt\/wp-json\/wp\/v2\/posts\/150912\/revisions"}],"wp:featuredmedia":[{"embeddable":true,"href":"https:\/\/www.europesays.com\/pt\/wp-json\/wp\/v2\/media\/150913"}],"wp:attachment":[{"href":"https:\/\/www.europesays.com\/pt\/wp-json\/wp\/v2\/media?parent=150912"}],"wp:term":[{"taxonomy":"category","embeddable":true,"href":"https:\/\/www.europesays.com\/pt\/wp-json\/wp\/v2\/categories?post=150912"},{"taxonomy":"post_tag","embeddable":true,"href":"https:\/\/www.europesays.com\/pt\/wp-json\/wp\/v2\/tags?post=150912"}],"curies":[{"name":"wp","href":"https:\/\/api.w.org\/{rel}","templated":true}]}}