{"id":150933,"date":"2025-11-13T19:33:06","date_gmt":"2025-11-13T19:33:06","guid":{"rendered":"https:\/\/www.europesays.com\/pt\/150933\/"},"modified":"2025-11-13T19:33:06","modified_gmt":"2025-11-13T19:33:06","slug":"adeus-june-drama-com-kate-winslet-e-toni-collette-ganha-trailer","status":"publish","type":"post","link":"https:\/\/www.europesays.com\/pt\/150933\/","title":{"rendered":"Adeus, June | Drama com Kate Winslet e Toni Collette ganha trailer"},"content":{"rendered":"<p>A\u00a0<strong>Netflix\u00a0<\/strong>revelou hoje o primeiro trailer de seu novo drama,\u00a0<strong>Adeus, June<\/strong>.\u00a0Veja acima a pr\u00e9via do filme estrelado por\u00a0<strong>Kate Winslet<\/strong> e <strong>Toni Collette\u00a0<\/strong>(Heredit\u00e1rio).<\/p>\n<p>Leia a sinopse oficial: &#8220;\u00c0s v\u00e9speras do Natal, quatro irm\u00e3os e um pai irritante se re\u00fanem \u00e0s pressas para cuidar da m\u00e3e em um clima que fica cada vez mais ca\u00f3tico com a imin\u00eancia da morte. No entanto, June \u00e9 quem dita as regras de sua partida, com um humor \u00e1cido, uma franqueza sem papas na l\u00edngua e muito amor.&#8221;<\/p>\n<p>            Continua depois da Publicidade<\/p>\n<p>O filme \u00e9 dirigido por\u00a0Kate Winslet a partir de roteiro de\u00a0<strong>Joe Anders<\/strong>. No elenco, al\u00e9m de Winslet e Toni Collette, est\u00e3o a\u00a0<strong>Johnny Flynn, Andrea Riseborough, Timothy Spall, Helen Mirren, Stephen Merchant, Fisayo Akinade<\/strong> e <strong>Jeremy Swift.<\/strong><\/p>\n<p>A estreia ficou para 24 de dezembro deste ano, na v\u00e9spera do Natal.<\/p>\n","protected":false},"excerpt":{"rendered":"A\u00a0Netflix\u00a0revelou hoje o primeiro trailer de seu novo drama,\u00a0Adeus, June.\u00a0Veja acima a pr\u00e9via do filme estrelado por\u00a0Kate Winslet&hellip;\n","protected":false},"author":2,"featured_media":150934,"comment_status":"","ping_status":"","sticky":false,"template":"","format":"standard","meta":{"footnotes":""},"categories":[140],"tags":[114,115,147,148,146,32,33],"class_list":{"0":"post-150933","1":"post","2":"type-post","3":"status-publish","4":"format-standard","5":"has-post-thumbnail","7":"category-filmes","8":"tag-entertainment","9":"tag-entretenimento","10":"tag-film","11":"tag-filmes","12":"tag-movies","13":"tag-portugal","14":"tag-pt"},"share_on_mastodon":{"url":"https:\/\/pubeurope.com\/@pt\/115544064358974596","error":""},"_links":{"self":[{"href":"https:\/\/www.europesays.com\/pt\/wp-json\/wp\/v2\/posts\/150933","targetHints":{"allow":["GET"]}}],"collection":[{"href":"https:\/\/www.europesays.com\/pt\/wp-json\/wp\/v2\/posts"}],"about":[{"href":"https:\/\/www.europesays.com\/pt\/wp-json\/wp\/v2\/types\/post"}],"author":[{"embeddable":true,"href":"https:\/\/www.europesays.com\/pt\/wp-json\/wp\/v2\/users\/2"}],"replies":[{"embeddable":true,"href":"https:\/\/www.europesays.com\/pt\/wp-json\/wp\/v2\/comments?post=150933"}],"version-history":[{"count":0,"href":"https:\/\/www.europesays.com\/pt\/wp-json\/wp\/v2\/posts\/150933\/revisions"}],"wp:featuredmedia":[{"embeddable":true,"href":"https:\/\/www.europesays.com\/pt\/wp-json\/wp\/v2\/media\/150934"}],"wp:attachment":[{"href":"https:\/\/www.europesays.com\/pt\/wp-json\/wp\/v2\/media?parent=150933"}],"wp:term":[{"taxonomy":"category","embeddable":true,"href":"https:\/\/www.europesays.com\/pt\/wp-json\/wp\/v2\/categories?post=150933"},{"taxonomy":"post_tag","embeddable":true,"href":"https:\/\/www.europesays.com\/pt\/wp-json\/wp\/v2\/tags?post=150933"}],"curies":[{"name":"wp","href":"https:\/\/api.w.org\/{rel}","templated":true}]}}