{"id":150941,"date":"2025-11-13T19:42:04","date_gmt":"2025-11-13T19:42:04","guid":{"rendered":"https:\/\/www.europesays.com\/pt\/150941\/"},"modified":"2025-11-13T19:42:04","modified_gmt":"2025-11-13T19:42:04","slug":"ucrania-miranda-sarmento-apoia-emprestimo-com-ativos-russos-congelados","status":"publish","type":"post","link":"https:\/\/www.europesays.com\/pt\/150941\/","title":{"rendered":"Ucr\u00e2nia. Miranda Sarmento apoia empr\u00e9stimo com ativos russos congelados"},"content":{"rendered":"<p>                Os ministros das Finan\u00e7as estiveram reunidos, em Bruxelas, mas a B\u00e9lgica continua a exigir garantias e solidariedade dos outros Estados-membros no caso de ter que devolver os ativos, no valor de 170 mil milh\u00f5es de euros, \u00e0 R\u00fassia.<\/p>\n<p>A ideia \u00e9 emprestar esse valor \u00e0 Ucr\u00e2nia j\u00e1 e, quando a R\u00fassia pagar futuras indemniza\u00e7\u00f5es de guerra, Kiev as use para pagar esse empr\u00e9stimo. <\/p>\n<p>Mas, a B\u00e9lgica, onde est\u00e3o congelados esses ativos russos, tem que ter garantias de que se n\u00e3o houver repara\u00e7\u00f5es de guerra por parte da R\u00fassia e os ativos tiverem que ser descongelados, os consegue devolver.<\/p>\n<p>J\u00e1 foi determinado o valor que cada Estado se compromete a garantir no caso de isso acontecer, mas h\u00e1 ainda pormenores a acertar. No caso de Portugal esse valor \u00e9 de 2,5 mil milh\u00f5es de euros.<\/p>\n<p>&#13;<br \/>\nJoaquim Miranda Sarmento diz que Portugal apoia esta solu\u00e7\u00e3o e que deve haver uma solu\u00e7\u00e3o em breve para que os 27 continuem a apoiar Kiev.&#13;\n<\/p>\n<p>&#13;<br \/>\n&#8220;N\u00f3s precisamos de continuar a apoiar a Ucr\u00e2nia.  A proposta que a comiss\u00e3o apresentou de usar os ativos russos que est\u00e3o congelados para empr\u00e9stimos \u00e0 Ucr\u00e2nia \u00e9 uma proposta que o Governo portugu\u00eas apoia, do ponto de vista gen\u00e9rico&#8221;, disse o ministro das Finan\u00e7as, Joaquim Miranda Sarmento.&#13;\n<\/p>\n<p>          <img decoding=\"async\" itemprop=\"image\" class=\"img-fluid\"   src=\"https:\/\/www.europesays.com\/pt\/wp-content\/uploads\/2025\/11\/fdbc1e9f3fa32c48790a8490f9dae45c\"\/><\/p>\n<p>\nA Comiss\u00e3o Europeia continua a procurar uma solu\u00e7\u00e3o t\u00e9cnica e o ministro acredita que em breve haver\u00e1 uma solu\u00e7\u00e3o para esta situa\u00e7\u00e3o. A hip\u00f3tese de avan\u00e7ar com uma d\u00edvida comum para conseguir verbas para apoiar a Ucr\u00e2nia n\u00e3o est\u00e1 fora da mesa e a presidente da Comiss\u00e3o Europeia voltou a referir-se a essa hip\u00f3tese esta manh\u00e3, no Parlamento Europeu. <\/p>\n<p>No entanto, o ministro das Finan\u00e7as admite que v\u00e1rios Estados-membros n\u00e3o est\u00e3o em condi\u00e7\u00f5es or\u00e7amentais para poder avan\u00e7ar com esta solu\u00e7\u00e3o.&#13;\n            <\/p>\n","protected":false},"excerpt":{"rendered":"Os ministros das Finan\u00e7as estiveram reunidos, em Bruxelas, mas a B\u00e9lgica continua a exigir garantias e solidariedade dos&hellip;\n","protected":false},"author":2,"featured_media":150942,"comment_status":"","ping_status":"","sticky":false,"template":"","format":"standard","meta":{"footnotes":""},"categories":[50],"tags":[27,28,15,16,14,25,26,21,22,62,12,13,19,20,23,24,420,421,17,18,29,30,31,63,64,65],"class_list":{"0":"post-150941","1":"post","2":"type-post","3":"status-publish","4":"format-standard","5":"has-post-thumbnail","7":"category-mundo","8":"tag-breaking-news","9":"tag-breakingnews","10":"tag-featured-news","11":"tag-featurednews","12":"tag-headlines","13":"tag-latest-news","14":"tag-latestnews","15":"tag-main-news","16":"tag-mainnews","17":"tag-mundo","18":"tag-news","19":"tag-noticias","20":"tag-noticias-principais","21":"tag-noticiasprincipais","22":"tag-principais-noticias","23":"tag-principaisnoticias","24":"tag-rtp","25":"tag-rtp-noticias","26":"tag-top-stories","27":"tag-topstories","28":"tag-ultimas","29":"tag-ultimas-noticias","30":"tag-ultimasnoticias","31":"tag-world","32":"tag-world-news","33":"tag-worldnews"},"share_on_mastodon":{"url":"https:\/\/pubeurope.com\/@pt\/115544099882516376","error":""},"_links":{"self":[{"href":"https:\/\/www.europesays.com\/pt\/wp-json\/wp\/v2\/posts\/150941","targetHints":{"allow":["GET"]}}],"collection":[{"href":"https:\/\/www.europesays.com\/pt\/wp-json\/wp\/v2\/posts"}],"about":[{"href":"https:\/\/www.europesays.com\/pt\/wp-json\/wp\/v2\/types\/post"}],"author":[{"embeddable":true,"href":"https:\/\/www.europesays.com\/pt\/wp-json\/wp\/v2\/users\/2"}],"replies":[{"embeddable":true,"href":"https:\/\/www.europesays.com\/pt\/wp-json\/wp\/v2\/comments?post=150941"}],"version-history":[{"count":0,"href":"https:\/\/www.europesays.com\/pt\/wp-json\/wp\/v2\/posts\/150941\/revisions"}],"wp:featuredmedia":[{"embeddable":true,"href":"https:\/\/www.europesays.com\/pt\/wp-json\/wp\/v2\/media\/150942"}],"wp:attachment":[{"href":"https:\/\/www.europesays.com\/pt\/wp-json\/wp\/v2\/media?parent=150941"}],"wp:term":[{"taxonomy":"category","embeddable":true,"href":"https:\/\/www.europesays.com\/pt\/wp-json\/wp\/v2\/categories?post=150941"},{"taxonomy":"post_tag","embeddable":true,"href":"https:\/\/www.europesays.com\/pt\/wp-json\/wp\/v2\/tags?post=150941"}],"curies":[{"name":"wp","href":"https:\/\/api.w.org\/{rel}","templated":true}]}}