{"id":150943,"date":"2025-11-13T19:43:14","date_gmt":"2025-11-13T19:43:14","guid":{"rendered":"https:\/\/www.europesays.com\/pt\/150943\/"},"modified":"2025-11-13T19:43:14","modified_gmt":"2025-11-13T19:43:14","slug":"greve-geral-ministra-do-trabalho-acusa-ugt-de-querer-romper-as-negociacoes","status":"publish","type":"post","link":"https:\/\/www.europesays.com\/pt\/150943\/","title":{"rendered":"Greve geral. Ministra do Trabalho acusa UGT de querer &#8220;romper as negocia\u00e7\u00f5es&#8221;"},"content":{"rendered":"<p>                A ministra do Trabalho considerou esta quinta-feira que a inten\u00e7\u00e3o da UGT de avan\u00e7ar para uma greve geral a 11 de dezembro \u00e9 reveladora de que a central sindical pretende \u201cromper as negocia\u00e7\u00f5es\u201d com o Governo.<\/p>\n<p><b>\u201cA amea\u00e7a desta greve geral \u00e9 reveladora da inten\u00e7\u00e3o da UGT de romper as negocia\u00e7\u00f5es\u201d<\/b>, declarou Ros\u00e1rio Palma Ramalho em exclusivo \u00e0 Antena 1.\u00a0<\/p>\n<p>A governante acrescentou que, \u201cmesmo assim, o Governo mant\u00e9m o empenho no di\u00e1logo com os parceiros que desde o in\u00edcio vem mostrando na negocia\u00e7\u00e3o do anteprojeto Trabalho XXI\u201d.<br \/>&#13;\n<\/p>\n<p>          <img decoding=\"async\" itemprop=\"image\" class=\"img-fluid\"   src=\"https:\/\/www.europesays.com\/pt\/wp-content\/uploads\/2025\/11\/1763062994_514_bg_playeraudio_5.jpg\"\/><\/p>\n<p>\nA ministra aponta ainda que a greve \u201cfoi aprovada pela UGT quando j\u00e1 est\u00e1 marcada uma nova reuni\u00e3o bilateral para a pr\u00f3xima quarta-feira\u201d.<\/p>\n<p>&#13;<br \/>\n<b>\u201cOs portugueses n\u00e3o querem uma greve geral, por isso, da parte do Governo, a negocia\u00e7\u00e3o prosseguir\u00e1 at\u00e9 que a UGT concretize a sua inten\u00e7\u00e3o de rutura\u201d<\/b>, assegurou.&#13;\n<\/p>\n<p>&#13;<br \/>\nUGT sentiu-se &#8220;obrigada&#8221; a avan\u00e7ar para greve&#13;\n<\/p>\n<p>A UGT decidiu esta quinta-feira, em reuni\u00e3o do seu Conselho Geral,\u00a0convocar uma greve geral para o dia 11 de dezembro de 2025.<\/p>\n<p>A paralisa\u00e7\u00e3o \u00e9 \u201ccontra uma reforma laboral que n\u00e3o pode avan\u00e7ar, contra um ataque sem precedentes aos trabalhadores e sindicatos, contra a indiferen\u00e7a face aos problemas reais dos portugueses e contra o simulacro negocial\u201d, adiantou a Uni\u00e3o Geral de Trabalhadores.<\/p>\n<p><b>\u201cA UGT n\u00e3o quer fazer uma greve. H\u00e1 sempre impactos nos rendimentos dos trabalhadores\u201d,<\/b> afirmou M\u00e1rio Mour\u00e3o, secret\u00e1rio-geral da UGT, em confer\u00eancia de imprensa esta tarde.<\/p>\n<p>Mas <b>\u201csomos obrigados a faz\u00ea-lo\u201d<\/b>, explicou, j\u00e1 que \u201cquando n\u00e3o funciona o di\u00e1logo e a negocia\u00e7\u00e3o, a rua \u00e9 o espa\u00e7o que nos resta para fazer valer as nossas propostas\u201d.<\/p>\n<p>\u201cN\u00e3o \u00e9 o fecho nem a rutura com a continua\u00e7\u00e3o do di\u00e1logo, \u00e9 apenas o momento em que foi preciso outras decis\u00f5es para desbloquear o impasse que consideramos que existe ao n\u00edvel da negocia\u00e7\u00e3o no \u00e2mbito da concerta\u00e7\u00e3o social\u201d, acrescentou o respons\u00e1vel.<\/p>\n<p>O secret\u00e1rio-geral da UGT avan\u00e7ou ainda que, ap\u00f3s o an\u00fancio da greve geral na semana passada, &#8220;surgiu uma nova proposta&#8221; da parte do Governo sobre a reforma laboral, mas<b> \u00e9 &#8220;muito pouco&#8221; para desmarcar a paralisa\u00e7\u00e3o<\/b>.&#13;\n<\/p>\n<p>Governo \u201cde portas abertas\u201d<br \/>\nAp\u00f3s divulgada a decis\u00e3o da UGT, o ministro da Presid\u00eancia reagiu dizendo que os portugueses n\u00e3o querem nem compreendem a paralisa\u00e7\u00e3o e garantindo que o Governo est\u00e1 dispon\u00edvel para o di\u00e1logo.<\/p>\n<p><b>\u201cN\u00f3s estamos no princ\u00edpio, de portas abertas, e n\u00e3o \u00e9 apenas de portas e de bra\u00e7os abertos: \u00e9 numa atitude de procura e aproxima\u00e7\u00e3o\u201d<\/b>, assegurou Ant\u00f3nio Leit\u00e3o Amaro.&#13;\n<\/p>\n<p>\u201cPor isso n\u00e3o vamos escalar a linguagem neste momento, em que h\u00e1 decis\u00f5es a tomar da parte dos sindicatos\u201d.<\/p>\n<p>\u201cN\u00e3o h\u00e1 sequer pr\u00e9-avisos e n\u00f3s esperamos que n\u00e3o venham a existir, porque os portugueses n\u00e3o compreendem e n\u00e3o querem esta greve. Os portugueses querem que o di\u00e1logo aconte\u00e7a e avance\u201d, acrescentou.<\/p>\n<p>&#8220;<b>Perguntaram-me a quem \u00e9 que serve esta greve, eu garanto-vos a quem \u00e9 que n\u00e3o serve: aos portugueses<\/b>, que v\u00e3o ficar apeados na esta\u00e7\u00e3o de comboio, que v\u00e3o ficar apeados \u00e0 porta de servi\u00e7os p\u00fablicos, que querem trabalhar e n\u00e3o conseguem, que querem deixar os filhos para aprender e n\u00e3o conseguem&#8221;, declarou ainda o ministro.<\/p>\n","protected":false},"excerpt":{"rendered":"A ministra do Trabalho considerou esta quinta-feira que a inten\u00e7\u00e3o da UGT de avan\u00e7ar para uma greve geral&hellip;\n","protected":false},"author":2,"featured_media":150944,"comment_status":"","ping_status":"","sticky":false,"template":"","format":"standard","meta":{"footnotes":""},"categories":[10],"tags":[27,28,15,16,31789,14,25,26,21,22,5609,12,13,19,20,32,23,24,33,32770,17,18,849,31790,29,30,31],"class_list":{"0":"post-150943","1":"post","2":"type-post","3":"status-publish","4":"format-standard","5":"has-post-thumbnail","7":"category-portugal","8":"tag-breaking-news","9":"tag-breakingnews","10":"tag-featured-news","11":"tag-featurednews","12":"tag-greve-geral","13":"tag-headlines","14":"tag-latest-news","15":"tag-latestnews","16":"tag-main-news","17":"tag-mainnews","18":"tag-ministra","19":"tag-news","20":"tag-noticias","21":"tag-noticias-principais","22":"tag-noticiasprincipais","23":"tag-portugal","24":"tag-principais-noticias","25":"tag-principaisnoticias","26":"tag-pt","27":"tag-secretariado","28":"tag-top-stories","29":"tag-topstories","30":"tag-trabalho","31":"tag-ugt","32":"tag-ultimas","33":"tag-ultimas-noticias","34":"tag-ultimasnoticias"},"share_on_mastodon":{"url":"https:\/\/pubeurope.com\/@pt\/115544103679424861","error":""},"_links":{"self":[{"href":"https:\/\/www.europesays.com\/pt\/wp-json\/wp\/v2\/posts\/150943","targetHints":{"allow":["GET"]}}],"collection":[{"href":"https:\/\/www.europesays.com\/pt\/wp-json\/wp\/v2\/posts"}],"about":[{"href":"https:\/\/www.europesays.com\/pt\/wp-json\/wp\/v2\/types\/post"}],"author":[{"embeddable":true,"href":"https:\/\/www.europesays.com\/pt\/wp-json\/wp\/v2\/users\/2"}],"replies":[{"embeddable":true,"href":"https:\/\/www.europesays.com\/pt\/wp-json\/wp\/v2\/comments?post=150943"}],"version-history":[{"count":0,"href":"https:\/\/www.europesays.com\/pt\/wp-json\/wp\/v2\/posts\/150943\/revisions"}],"wp:featuredmedia":[{"embeddable":true,"href":"https:\/\/www.europesays.com\/pt\/wp-json\/wp\/v2\/media\/150944"}],"wp:attachment":[{"href":"https:\/\/www.europesays.com\/pt\/wp-json\/wp\/v2\/media?parent=150943"}],"wp:term":[{"taxonomy":"category","embeddable":true,"href":"https:\/\/www.europesays.com\/pt\/wp-json\/wp\/v2\/categories?post=150943"},{"taxonomy":"post_tag","embeddable":true,"href":"https:\/\/www.europesays.com\/pt\/wp-json\/wp\/v2\/tags?post=150943"}],"curies":[{"name":"wp","href":"https:\/\/api.w.org\/{rel}","templated":true}]}}