{"id":150945,"date":"2025-11-13T19:50:05","date_gmt":"2025-11-13T19:50:05","guid":{"rendered":"https:\/\/www.europesays.com\/pt\/150945\/"},"modified":"2025-11-13T19:50:05","modified_gmt":"2025-11-13T19:50:05","slug":"a-odisseia-sera-cinema-mitologico-diz-christopher-nolan","status":"publish","type":"post","link":"https:\/\/www.europesays.com\/pt\/150945\/","title":{"rendered":"A Odisseia ser\u00e1 &#8220;cinema mitol\u00f3gico&#8221;, diz Christopher Nolan"},"content":{"rendered":"<p><strong>Christopher Nolan <\/strong>falou pela primeira vez sobre <strong>A Odisseia<\/strong>, seu novo filme que estreia em 2026 e ganhou uma capa especial na revista Empire, com direito a reportagem sobre a produ\u00e7\u00e3o e novas imagens.<\/p>\n<p>\u201cComo cineasta, voc\u00ea busca lacunas na cultura cinematogr\u00e1fica, coisas que nunca foram feitas. E o que percebi \u00e9 que toda aquela obra cinematogr\u00e1fica mitol\u00f3gica com a qual cresci \u2013 os filmes de Ray Harryhausen e outros \u2013 eu nunca tinha visto ser feita com o peso e a credibilidade que uma produ\u00e7\u00e3o de grande or\u00e7amento de Hollywood, em IMAX, poderia alcan\u00e7ar\u201d, disse \u00e0 publica\u00e7\u00e3o.<\/p>\n<p>O diretor ainda falou sobre o per\u00edodo de filmagens. \u201cPassei os \u00faltimos quatro meses trabalhando nisso. Levamos o elenco que interpreta a tripula\u00e7\u00e3o do navio de Odisseu para l\u00e1, nas ondas reais, nos lugares reais. E sim, \u00e9 grande, aterrorizante, maravilhoso e benevolente, conforme as condi\u00e7\u00f5es clim\u00e1ticas mudam. N\u00f3s realmente quer\u00edamos capturar o qu\u00e3o dif\u00edceis essas jornadas teriam sido realmente. E o salto de f\u00e9 que era dado em um mundo desconhecido, inexplorado\u201d, completou.<\/p>\n<p>            Continua depois da Publicidade<\/p>\n<p>Os registros mostram\u00a0<strong>Matt Damon<\/strong> caracterizado como o protagonista, Odisseu\/Ulisses, e oferecem tamb\u00e9m um vislumbre do\u00a0<strong>Cavalo de Troia<\/strong>, um dos elementos-chave da narrativa, na arte oficial do longa.<\/p>\n<p>    Tudo sobre\u00a0A Odisseia<\/p>\n<p>O filme \u00e9 mais uma adapta\u00e7\u00e3o do cl\u00e1ssico poema heroico de Homero, uma continua\u00e7\u00e3o de\u00a0Il\u00edada\u00a0que conta a hist\u00f3ria de Odisseu (Ulisses em algumas tradu\u00e7\u00f5es) tentando por 10 anos retornar para casa em \u00cdtaca ap\u00f3s a vit\u00f3ria na guerra de Troia. Irado, o deus dos mares, Poseidon, faz de tudo para impedir que ele volte \u00e0 sua esposa,\u00a0Pen\u00e9lope.<\/p>\n<p>At\u00e9 o momento, nenhum dos pap\u00e9is foi confirmado al\u00e9m do protagonista:\u00a0Matt\u00a0Damon\u00a0viver\u00e1 Odisseu (ou Ulisses, em algumas vers\u00f5es). Segundo a imprensa da Gr\u00e9cia, onde boa parte do filme foi rodado,\u00a0Anne Hathaway\u00a0interpretar\u00e1 a esposa do personagem, Pen\u00e9lope. J\u00e1\u00a0Tom\u00a0Holland\u00a0interpretar\u00e1 Tel\u00eamaco, filho de Ulisses, com\u00a0Zendaya\u00a0interpretando a deusa Atena,\u00a0Charlize\u00a0Theron\u00a0como Circe,\u00a0Benny\u00a0Safdie\u00a0como Agamenon e\u00a0Lupita\u00a0Nyong&#8217;o\u00a0como Clitemnestra \u2014 ou Clitenestra \u2014, esposa de Agamenon.\u00a0<\/p>\n<p>            Continua depois da Publicidade<\/p>\n<p>O elenco conta ainda com mais estrelas:\u00a0Robert Pattinson,\u00a0Jon\u00a0Bernthal,\u00a0Mia Goth,\u00a0John Leguizamo\u00a0e muitos outros nomes. Colaboradores antigos de Nolan est\u00e3o de volta.\u00a0O compositor\u00a0Ludwig G\u00f6ransson, de\u00a0TENET\u00a0e\u00a0Oppenheimer, far\u00e1 a trilha sonora, e tamb\u00e9m de volta est\u00e1 o diretor de fotografia\u00a0Hoyte Van Hoytema, que filma os longas de Nolan desde\u00a0Interestelar.<\/p>\n<p>Um dos maiores cl\u00e1ssicos da literatura,\u00a0A Odisseia\u00a0j\u00e1 foi interpretado, reinterpretado, traduzido e adaptado in\u00fameras vezes. Al\u00e9m de ser transformado em prosa por diferentes escritores, o poema inspirou tanto filmes e s\u00e9ries situadas na antiga Gr\u00e9cia quanto longas como\u00a0Ei Meu Irm\u00e3o, Cad\u00ea Voc\u00ea?\u00a0dos\u00a0Irm\u00e3os Coen, que usam o esqueleto da narrativa para hist\u00f3rias em outros tempos e contextos.<\/p>\n<p>Nolan chega em\u00a0A Odisseia\u00a0com o maior cheque em branco de sua carreira depois de fazer\u00a0Oppenheimer. Lan\u00e7ado pela\u00a0Universal, que cuidar\u00e1 de\u00a0A Odisseia, o filme arrecadou mais de US$ 900 milh\u00f5es e venceu diversos Oscars, incluindo Melhor Dire\u00e7\u00e3o e Melhor Filme.<\/p>\n<p>A Odisseia chega aos cinemas em 16 de julho de 2026.<\/p>\n","protected":false},"excerpt":{"rendered":"Christopher Nolan falou pela primeira vez sobre A Odisseia, seu novo filme que estreia em 2026 e ganhou&hellip;\n","protected":false},"author":2,"featured_media":150946,"comment_status":"","ping_status":"","sticky":false,"template":"","format":"standard","meta":{"footnotes":""},"categories":[140],"tags":[114,115,147,148,146,32,33],"class_list":{"0":"post-150945","1":"post","2":"type-post","3":"status-publish","4":"format-standard","5":"has-post-thumbnail","7":"category-filmes","8":"tag-entertainment","9":"tag-entretenimento","10":"tag-film","11":"tag-filmes","12":"tag-movies","13":"tag-portugal","14":"tag-pt"},"share_on_mastodon":{"url":"https:\/\/pubeurope.com\/@pt\/115544131722805701","error":""},"_links":{"self":[{"href":"https:\/\/www.europesays.com\/pt\/wp-json\/wp\/v2\/posts\/150945","targetHints":{"allow":["GET"]}}],"collection":[{"href":"https:\/\/www.europesays.com\/pt\/wp-json\/wp\/v2\/posts"}],"about":[{"href":"https:\/\/www.europesays.com\/pt\/wp-json\/wp\/v2\/types\/post"}],"author":[{"embeddable":true,"href":"https:\/\/www.europesays.com\/pt\/wp-json\/wp\/v2\/users\/2"}],"replies":[{"embeddable":true,"href":"https:\/\/www.europesays.com\/pt\/wp-json\/wp\/v2\/comments?post=150945"}],"version-history":[{"count":0,"href":"https:\/\/www.europesays.com\/pt\/wp-json\/wp\/v2\/posts\/150945\/revisions"}],"wp:featuredmedia":[{"embeddable":true,"href":"https:\/\/www.europesays.com\/pt\/wp-json\/wp\/v2\/media\/150946"}],"wp:attachment":[{"href":"https:\/\/www.europesays.com\/pt\/wp-json\/wp\/v2\/media?parent=150945"}],"wp:term":[{"taxonomy":"category","embeddable":true,"href":"https:\/\/www.europesays.com\/pt\/wp-json\/wp\/v2\/categories?post=150945"},{"taxonomy":"post_tag","embeddable":true,"href":"https:\/\/www.europesays.com\/pt\/wp-json\/wp\/v2\/tags?post=150945"}],"curies":[{"name":"wp","href":"https:\/\/api.w.org\/{rel}","templated":true}]}}