{"id":150953,"date":"2025-11-13T19:56:07","date_gmt":"2025-11-13T19:56:07","guid":{"rendered":"https:\/\/www.europesays.com\/pt\/150953\/"},"modified":"2025-11-13T19:56:07","modified_gmt":"2025-11-13T19:56:07","slug":"leao-xiv-pede-uma-educacao-digital-etica-para-proteger-as-criancas-na-era-da-ia","status":"publish","type":"post","link":"https:\/\/www.europesays.com\/pt\/150953\/","title":{"rendered":"Le\u00e3o XIV pede uma \u201ceduca\u00e7\u00e3o digital \u00e9tica\u201d para proteger as crian\u00e7as na era da IA"},"content":{"rendered":"<p>Em discurso a especialistas reunidos no Vaticano, o Santo Padre destacou a necessidade de unir responsabilidade, \u00e9tica e forma\u00e7\u00e3o para garantir que a tecnologia sirva ao bem das novas gera\u00e7\u00f5es.<\/p>\n<p><b>Thulio Fonseca &#8211; Vatican News<\/b><\/p>\n<blockquote>\n<p>\u201cA intelig\u00eancia artificial est\u00e1 transformando muitos aspectos de nossa vida cotidiana, incluindo a educa\u00e7\u00e3o, o entretenimento e a seguran\u00e7a dos menores. De fato, o uso da intelig\u00eancia artificial levanta importantes quest\u00f5es \u00e9ticas, especialmente quando se trata da prote\u00e7\u00e3o e da dignidade dos menores.\u201d<\/p>\n<\/blockquote>\n<p>Com estas palavras, o Papa Le\u00e3o XIV iniciou seu discurso aos participantes do Congresso \u201cA Dignidade das Crian\u00e7as e dos Adolescentes na Era da Intelig\u00eancia Artificial\u201d, realizado no Vaticano, exortando a comunidade internacional a colocar a pessoa humana, e especialmente os menores, no centro do desenvolvimento tecnol\u00f3gico.<\/p>\n<p>O Santo Padre dirigiu sua sauda\u00e7\u00e3o aos especialistas, educadores e representantes eclesiais presentes no encontro, agradeceu \u201ca presen\u00e7a e as qualificadas contribui\u00e7\u00f5es\u201d de todos os que se dedicam a refletir sobre o impacto das novas tecnologias na vida das crian\u00e7as e dos adolescentes, e observou que o avan\u00e7o da intelig\u00eancia artificial traz grandes oportunidades, mas tamb\u00e9m riscos que exigem discernimento \u00e9tico e responsabilidade compartilhada.<\/p>\n<p>\n   Ou\u00e7a com a voz do Papa e compartilhe\n  <\/p>\n<p>O risco da manipula\u00e7\u00e3o e o papel dos educadores <\/p>\n<p>Le\u00e3o XIV advertiu que \u201cas crian\u00e7as e os adolescentes s\u00e3o particularmente vulner\u00e1veis \u00e0 manipula\u00e7\u00e3o por meio de algoritmos de intelig\u00eancia artificial, que podem influenciar suas decis\u00f5es e prefer\u00eancias\u201d. Diante disso, o Pont\u00edfice enfatizou a import\u00e2ncia da vigil\u00e2ncia e da forma\u00e7\u00e3o: \u201c\u00c9 fundamental que os pais e os educadores estejam conscientes dessas din\u00e2micas e que sejam desenvolvidas ferramentas para monitorar e controlar a intera\u00e7\u00e3o dos menores com os dispositivos tecnol\u00f3gicos.\u201d<\/p>\n<p>Ao destacar o papel decisivo das institui\u00e7\u00f5es p\u00fablicas e da comunidade internacional na prote\u00e7\u00e3o da dignidade dos menores, o Papa sublinhou que \u201cos governos e as organiza\u00e7\u00f5es internacionais t\u00eam a responsabilidade de desenvolver e implementar pol\u00edticas que protejam a dignidade dos menores na era da IA\u201d, e pediu uma atualiza\u00e7\u00e3o das leis sobre prote\u00e7\u00e3o de dados e a cria\u00e7\u00e3o de padr\u00f5es \u00e9ticos que orientem o uso das novas tecnologias.<\/p>\n<p>Uma salvaguarda que passa pela educa\u00e7\u00e3o <\/p>\n<p>Contudo, o Pont\u00edfice advertiu que a resposta mais profunda e duradoura deve ser educativa. \u201cNo entanto, permanece insubstitu\u00edvel a pr\u00e1tica de uma salvaguarda da dignidade dos menores que passe por uma educa\u00e7\u00e3o digital\u201d, afirmou, lembrando que a forma\u00e7\u00e3o de consci\u00eancias \u00e9 o verdadeiro alicerce para o uso respons\u00e1vel das tecnologias emergentes. Ao citar o Papa Francisco, seu predecessor, Le\u00e3o XIV recordou que \u201c\u00e9 necess\u00e1rio que os adultos redescubram sua voca\u00e7\u00e3o de \u2018artes\u00e3os da educa\u00e7\u00e3o\u2019 e se esforcem por ser fi\u00e9is a ela\u201d, e sublinhou que n\u00e3o bastam c\u00f3digos e protocolos \u00e9ticos:\u00a0<\/p>\n<blockquote>\n<p>\u201c\u00c9 necess\u00e1rio um trabalho educativo, cotidiano e constante, conduzido por adultos que, por sua vez, sejam formados e sustentados por redes de alian\u00e7a educativa, em um processo de conhecimento dos riscos que o uso da intelig\u00eancia artificial e o acesso precoce, sem limites e sem verifica\u00e7\u00f5es, podem acarretar na vida relacional dos menores e em seu desenvolvimento.\u201d<\/p>\n<\/blockquote>\n<p>    <img decoding=\"async\" src=\"data:image\/gif;base64,R0lGODlhAQABAIAAAAAAAP\/\/\/yH5BAEAAAAALAAAAAABAAEAAAIBRAA7\" data-original=\"https:\/\/www.vaticannews.va\/content\/dam\/vaticannews\/agenzie\/images\/srv\/2025\/11\/13\/2025-11-13-partecipanti-incontro-promosso-dalla-fondazione-per-l\/1763028700016.JPG\/_jcr_content\/renditions\/cq5dam.thumbnail.cropped.750.422.jpeg\" alt=\"Papa sa\u00fada os participantes do encontro\" title=\"Papa sa\u00fada os participantes do encontro\"\/><\/p>\n<p>\n   Papa sa\u00fada os participantes do encontro \u00a0 (@Vatican Media)\n  <\/p>\n<p>Formar uma liberdade respons\u00e1vel <\/p>\n<p>Segundo o Papa, \u00e9 somente a partir da consci\u00eancia dos riscos e da forma\u00e7\u00e3o de uma liberdade respons\u00e1vel que os jovens poder\u00e3o fazer escolhas maduras no ambiente digital: \u201cSomente participando da descoberta desses riscos e de suas consequ\u00eancias na vida pessoal e social, os menores poder\u00e3o ser apoiados em sua rela\u00e7\u00e3o com o mundo digital como um fortalecimento de sua capacidade de escolha, de modo respons\u00e1vel, em rela\u00e7\u00e3o a si mesmos e aos outros.\u201d<\/p>\n<p>Por fim, Le\u00e3o XIV reafirmou a necessidade de que todo progresso tecnol\u00f3gico se mantenha subordinado ao respeito pela pessoa humana. \u201cJ\u00e1 esse \u00e9 um importante exerc\u00edcio de salvaguarda da originalidade e do relacionamento humano, que, para s\u00ea-lo verdadeiramente, deve ser orientado para condi\u00e7\u00f5es que garantam o respeito \u00e0 dignidade como valor prim\u00e1rio. Somente atrav\u00e9s de uma abordagem educativa, \u00e9tica e respons\u00e1vel podemos assegurar que a intelig\u00eancia artificial seja uma aliada no crescimento e no desenvolvimento dos menores, e n\u00e3o uma amea\u00e7a.\u201d<\/p>\n<p>Pacto global em defesa da inf\u00e2ncia <\/p>\n<p>Nos dias 12 e 13 de novembro, o Pal\u00e1cio da Chancelaria sediou o encontro internacional promovido por diversas institui\u00e7\u00f5es eclesiais e civis, reunindo especialistas de v\u00e1rios pa\u00edses para refletir sobre a prote\u00e7\u00e3o e a dignidade das crian\u00e7as na era digital. Durante o evento, foi apresentado o manifesto \u201cNovo pacto humano para a era digital\u201d, entregue ao Papa Le\u00e3o XIV, reafirmando \u201co direito de toda crian\u00e7a a viver, crescer e sonhar em seguran\u00e7a\u201d. O documento prop\u00f5e seis pilares de a\u00e7\u00e3o: a prote\u00e7\u00e3o contra abusos online, a educa\u00e7\u00e3o e o empoderamento digital, a promo\u00e7\u00e3o de uma tecnologia \u00e9tica e transparente, a governan\u00e7a global respons\u00e1vel, a pesquisa para o bem comum e a solidariedade inter-religiosa e intergeracional \u2014 um compromisso conjunto em defesa da inf\u00e2ncia diante dos desafios da intelig\u00eancia artificial.<\/p>\n","protected":false},"excerpt":{"rendered":"Em discurso a especialistas reunidos no Vaticano, o Santo Padre destacou a necessidade de unir responsabilidade, \u00e9tica e&hellip;\n","protected":false},"author":2,"featured_media":150954,"comment_status":"","ping_status":"","sticky":false,"template":"","format":"standard","meta":{"footnotes":""},"categories":[50],"tags":[27,28,838,3026,27826,4694,15,16,14,5387,933,3176,25,26,21,22,62,12,13,19,20,811,52,23,24,32793,17,18,29,30,31,63,64,65],"class_list":{"0":"post-150953","1":"post","2":"type-post","3":"status-publish","4":"format-standard","5":"has-post-thumbnail","7":"category-mundo","8":"tag-breaking-news","9":"tag-breakingnews","10":"tag-criancas","11":"tag-direitos-humanos","12":"tag-escola-e-universidade","13":"tag-etica","14":"tag-featured-news","15":"tag-featurednews","16":"tag-headlines","17":"tag-instituicoes-internacionais","18":"tag-inteligencia-artificial","19":"tag-jovens","20":"tag-latest-news","21":"tag-latestnews","22":"tag-main-news","23":"tag-mainnews","24":"tag-mundo","25":"tag-news","26":"tag-noticias","27":"tag-noticias-principais","28":"tag-noticiasprincipais","29":"tag-papa-leao-xiv","30":"tag-politica","31":"tag-principais-noticias","32":"tag-principaisnoticias","33":"tag-protecao-menores","34":"tag-top-stories","35":"tag-topstories","36":"tag-ultimas","37":"tag-ultimas-noticias","38":"tag-ultimasnoticias","39":"tag-world","40":"tag-world-news","41":"tag-worldnews"},"share_on_mastodon":{"url":"","error":"Validation failed: Text character limit of 500 exceeded"},"_links":{"self":[{"href":"https:\/\/www.europesays.com\/pt\/wp-json\/wp\/v2\/posts\/150953","targetHints":{"allow":["GET"]}}],"collection":[{"href":"https:\/\/www.europesays.com\/pt\/wp-json\/wp\/v2\/posts"}],"about":[{"href":"https:\/\/www.europesays.com\/pt\/wp-json\/wp\/v2\/types\/post"}],"author":[{"embeddable":true,"href":"https:\/\/www.europesays.com\/pt\/wp-json\/wp\/v2\/users\/2"}],"replies":[{"embeddable":true,"href":"https:\/\/www.europesays.com\/pt\/wp-json\/wp\/v2\/comments?post=150953"}],"version-history":[{"count":0,"href":"https:\/\/www.europesays.com\/pt\/wp-json\/wp\/v2\/posts\/150953\/revisions"}],"wp:featuredmedia":[{"embeddable":true,"href":"https:\/\/www.europesays.com\/pt\/wp-json\/wp\/v2\/media\/150954"}],"wp:attachment":[{"href":"https:\/\/www.europesays.com\/pt\/wp-json\/wp\/v2\/media?parent=150953"}],"wp:term":[{"taxonomy":"category","embeddable":true,"href":"https:\/\/www.europesays.com\/pt\/wp-json\/wp\/v2\/categories?post=150953"},{"taxonomy":"post_tag","embeddable":true,"href":"https:\/\/www.europesays.com\/pt\/wp-json\/wp\/v2\/tags?post=150953"}],"curies":[{"name":"wp","href":"https:\/\/api.w.org\/{rel}","templated":true}]}}