{"id":150967,"date":"2025-11-13T20:15:26","date_gmt":"2025-11-13T20:15:26","guid":{"rendered":"https:\/\/www.europesays.com\/pt\/150967\/"},"modified":"2025-11-13T20:15:26","modified_gmt":"2025-11-13T20:15:26","slug":"poderosa-tempestade-solar-pode-afetar-comunicacoes-o-alerta-da-agencia-espacial-europeia","status":"publish","type":"post","link":"https:\/\/www.europesays.com\/pt\/150967\/","title":{"rendered":"&#8220;Poderosa&#8221; tempestade solar pode afetar comunica\u00e7\u00f5es: o alerta da Ag\u00eancia Espacial Europeia"},"content":{"rendered":"<p class=\"category\"><a href=\"https:\/\/sicnoticias.pt\/mundo\" rel=\"nofollow noopener\" target=\"_blank\">Mundo<\/a><\/p>\n<p>A Ag\u00eancia Espacial Europeia alerta para a aproxima\u00e7\u00e3o de uma  tempestade geomagn\u00e9tica grave que pode afetar infraestruturas tecnol\u00f3gicas. A eje\u00e7\u00e3o de massa coronal dever\u00e1 chegar \u00e0 Terra entre esta noite e quinta-feira de manh\u00e3, podendo originar auroras boreais.<\/p>\n<p><img decoding=\"async\" src=\"https:\/\/www.europesays.com\/pt\/wp-content\/uploads\/2025\/11\/1763064926_390_original.webp\" alt=\"&quot;Poderosa&quot; tempestade solar pode afetar comunica\u00e7\u00f5es: o alerta da Ag\u00eancia Espacial Europeia\"\/><\/p>\n<p>ESA<\/p>\n<p><strong>A Ag\u00eancia Espacial Europeia (<\/strong><a href=\"https:\/\/www.esa.int\/Space_Safety\/Space_weather\/ESA_actively_monitoring_severe_space_weather_event\" target=\"_blank\" rel=\"noopener noreferrer nofollow\"><strong>ESA<\/strong><\/a><strong>) alertou esta quarta-feira para a aproxima\u00e7\u00e3o de uma tempestade geomagn\u00e9tica que poder\u00e1 afetar sat\u00e9lites, redes el\u00e9tricas e sistemas de navega\u00e7\u00e3o.<\/strong><\/p>\n<p>Segundo uma nota da ESA, o impacto estimado do evento \u00e9 grave, mas &#8220;n\u00e3o representa um risco biol\u00f3gico direto para as pessoas na Terra&#8221;.<\/p>\n<p>Uma tempestade geomagn\u00e9tica \u00e9 uma perturba\u00e7\u00e3o tempor\u00e1ria da magnetosfera da Terra causada pela eje\u00e7\u00e3o de massa coronal, uma &#8220;enorme nuvem de plasma magnetizado&#8221; expelida pela coroa (camada mais externa) do Sol.<\/p>\n<p>De acordo com a ESA, na ter\u00e7a-feira foi observada uma intensa erup\u00e7\u00e3o solar, com um pico cerca das 10:04 (hora em Lisboa).<\/p>\n<p>Menos de uma hora depois foi observada uma eje\u00e7\u00e3o de massa coronal, com uma velocidade inicial estimada de cerca de 1.500 quil\u00f3metros por hora, que, segundo a ESA, poder\u00e1 chegar \u00e0 Terra no final da noite de hoje ou no in\u00edcio da manh\u00e3 de quinta-feira.<\/p>\n<p>A ESA ressalva que &#8220;estas estimativas cont\u00eam alguma incerteza&#8221;, assinalando que &#8220;est\u00e1 a monitorizar de perto este poderoso evento&#8221; e a &#8220;recolher informa\u00e7\u00f5es detalhadas de todos os seus centros de servi\u00e7os especializados&#8221;.<\/p>\n<p>Auroras boreais podem voltar a iluminar os c\u00e9us de Portugal esta noite\u00a0<\/p>\n<p style=\"text-align: start;\">Jos\u00e9 Afonso, presidente da Sociedade Portuguesa de Astronomia, explica \u00e0 SIC que a\u00a0<a href=\"https:\/\/sicnoticias.pt\/pais\/2024-10-10-aurora-boreal-pinta-ceu-de-portugal-devido-a-severa-tempestade-solar-91c57579\" target=\"_blank\" rel=\"noopener noreferrer nofollow\">tempestade solar\u00a0do ano passado<\/a>\u00a0<strong>poder\u00e1 ter sido \u201cum pouco mais poderosa\u201d do que a de agora<\/strong>, mas &#8220;podemos dizer que \u00e9\u00a0<strong>uma das mais poderosas dos \u00faltimos anos<\/strong>&#8220;.<\/p>\n<blockquote style=\"text-align: start;\"><p>&#8220;Tempestades a este n\u00edvel\u00a0<strong>n\u00e3o s\u00e3o frequentes<\/strong>\u00a0embora nos \u00faltimos anos tenha havido algumas, especialmente agora que estamos a ultrapassar\u00a0<strong>um dos pontos m\u00e1ximos de produ\u00e7\u00e3o solar<\/strong>.\u00a0Durante este ano o\u00a0<strong>sol est\u00e1 no seu pico m\u00e1ximo de atividade<\/strong>&#8220;, explica Jos\u00e9 Afonso.<\/p><\/blockquote>\n","protected":false},"excerpt":{"rendered":"Mundo A Ag\u00eancia Espacial Europeia alerta para a aproxima\u00e7\u00e3o de uma tempestade geomagn\u00e9tica grave que pode afetar infraestruturas&hellip;\n","protected":false},"author":2,"featured_media":150968,"comment_status":"","ping_status":"","sticky":false,"template":"","format":"standard","meta":{"footnotes":""},"categories":[50],"tags":[27,28,15,16,14,25,26,21,22,62,12,13,19,20,23,24,17,18,29,30,31,63,64,65],"class_list":{"0":"post-150967","1":"post","2":"type-post","3":"status-publish","4":"format-standard","5":"has-post-thumbnail","7":"category-mundo","8":"tag-breaking-news","9":"tag-breakingnews","10":"tag-featured-news","11":"tag-featurednews","12":"tag-headlines","13":"tag-latest-news","14":"tag-latestnews","15":"tag-main-news","16":"tag-mainnews","17":"tag-mundo","18":"tag-news","19":"tag-noticias","20":"tag-noticias-principais","21":"tag-noticiasprincipais","22":"tag-principais-noticias","23":"tag-principaisnoticias","24":"tag-top-stories","25":"tag-topstories","26":"tag-ultimas","27":"tag-ultimas-noticias","28":"tag-ultimasnoticias","29":"tag-world","30":"tag-world-news","31":"tag-worldnews"},"share_on_mastodon":{"url":"https:\/\/pubeurope.com\/@pt\/115544229585161670","error":""},"_links":{"self":[{"href":"https:\/\/www.europesays.com\/pt\/wp-json\/wp\/v2\/posts\/150967","targetHints":{"allow":["GET"]}}],"collection":[{"href":"https:\/\/www.europesays.com\/pt\/wp-json\/wp\/v2\/posts"}],"about":[{"href":"https:\/\/www.europesays.com\/pt\/wp-json\/wp\/v2\/types\/post"}],"author":[{"embeddable":true,"href":"https:\/\/www.europesays.com\/pt\/wp-json\/wp\/v2\/users\/2"}],"replies":[{"embeddable":true,"href":"https:\/\/www.europesays.com\/pt\/wp-json\/wp\/v2\/comments?post=150967"}],"version-history":[{"count":0,"href":"https:\/\/www.europesays.com\/pt\/wp-json\/wp\/v2\/posts\/150967\/revisions"}],"wp:featuredmedia":[{"embeddable":true,"href":"https:\/\/www.europesays.com\/pt\/wp-json\/wp\/v2\/media\/150968"}],"wp:attachment":[{"href":"https:\/\/www.europesays.com\/pt\/wp-json\/wp\/v2\/media?parent=150967"}],"wp:term":[{"taxonomy":"category","embeddable":true,"href":"https:\/\/www.europesays.com\/pt\/wp-json\/wp\/v2\/categories?post=150967"},{"taxonomy":"post_tag","embeddable":true,"href":"https:\/\/www.europesays.com\/pt\/wp-json\/wp\/v2\/tags?post=150967"}],"curies":[{"name":"wp","href":"https:\/\/api.w.org\/{rel}","templated":true}]}}