{"id":150979,"date":"2025-11-13T20:32:29","date_gmt":"2025-11-13T20:32:29","guid":{"rendered":"https:\/\/www.europesays.com\/pt\/150979\/"},"modified":"2025-11-13T20:32:29","modified_gmt":"2025-11-13T20:32:29","slug":"mae-de-ines-reage-ao-relacionamento-com-dylan","status":"publish","type":"post","link":"https:\/\/www.europesays.com\/pt\/150979\/","title":{"rendered":"M\u00e3e de In\u00eas reage ao relacionamento com Dylan"},"content":{"rendered":"<p>\t\t\t\t\t\t\t\t\t\t\t\t<a href=\"#\" onclick=\"window.open('http:\/\/www.facebook.com\/sharer.php?u=https:\/\/cusquices.com\/mae-de-ines-reage-ao-relacionamento-com-dylan\/&amp;t=M\u00e3e de In\u00eas reage ao relacionamento com Dylan', 'facebookShare', 'width=626,height=436'); return false;\" title=\"Share on Facebook\"><\/p>\n<p>Share<\/p>\n<p><\/a><br \/>\n\t\t\t\t\t\t\t\t\t\t\t\t<a href=\"#\" onclick=\"window.open('http:\/\/twitter.com\/share?text=M\u00e3e de In\u00eas reage ao relacionamento com Dylan -&amp;url=https:\/\/cusquices.com\/mae-de-ines-reage-ao-relacionamento-com-dylan\/', 'twitterShare', 'width=626,height=436'); return false;\" title=\"Tweet This Post\"><\/p>\n<p>Tweet<\/p>\n<p><\/a><br \/>\n\t\t\t\t\t\t\t\t\t\t\t\t<a href=\"whatsapp:\/\/send?text=M\u00e3e de In\u00eas reage ao relacionamento com Dylan https:\/\/cusquices.com\/mae-de-ines-reage-ao-relacionamento-com-dylan\/\" rel=\"nofollow\"><\/p>\n<p>Share<\/p>\n<p><\/a><br \/>\n\t\t\t\t\t\t\t\t\t\t\t\t<a href=\"#\" onclick=\"window.open('http:\/\/pinterest.com\/pin\/create\/button\/?url=https:\/\/cusquices.com\/mae-de-ines-reage-ao-relacionamento-com-dylan\/&amp;media=https:\/\/cusquices.com\/wp-content\/uploads\/2025\/11\/dylanines-1000x600.png&amp;description=M\u00e3e de In\u00eas reage ao relacionamento com Dylan', 'pinterestShare', 'width=750,height=350'); return false;\" title=\"Pin This Post\"><\/p>\n<p>Share<\/p>\n<p><\/a><br \/>\n\t\t\t\t\t\t\t\t\t\t\t\t<a href=\"mailto:?subject=M\u00e3e de In\u00eas reage ao relacionamento com Dylan&amp;BODY=I found this article interesting and thought of sharing it with you. Check it out: https:\/\/cusquices.com\/mae-de-ines-reage-ao-relacionamento-com-dylan\/\"><\/p>\n<p>Email<\/p>\n<p><\/a><br \/>\n\t\t\t\t\t\t\t\t\t\t\t\t\t\t\t\t\t\t\t\t\t\t\t\t\t\t\t\t\t\t\t\t\t\t\t\t\t\t\t\t\t\t\t\t\t\t\t\t\t\t\t\t\t<a href=\"https:\/\/cusquices.com\/mae-de-ines-reage-ao-relacionamento-com-dylan\/#respond\" rel=\"nofollow noopener\" target=\"_blank\"><\/p>\n<p>O romance rel\u00e2mpago entre<strong> In\u00eas Gama e Dylan Fonte <\/strong>dentro da casa do Secret Story continua a dar que falar. A aproxima\u00e7\u00e3o entre os dois aconteceu na semana em que In\u00eas estava nomeada e rapidamente dividiu opini\u00f5es, gerando grande controv\u00e9rsia fora da casa. Tudo come\u00e7ou depois de <strong>Dylan <\/strong>vencer uma viagem para dois a Los Angeles \u2014 momento a partir do qual In\u00eas mudou de atitude e o relacionamento entre ambos acabou por se concretizar poucos dias depois.<\/p>\n<p>A hist\u00f3ria tem provocado in\u00fameras rea\u00e7\u00f5es, e at\u00e9 a <strong>m\u00e3e de In\u00eas, Carla Gama,<\/strong> j\u00e1 se pronunciou sobre o assunto. Em declara\u00e7\u00f5es \u00e0 revista <strong>TV7 Dias,<\/strong> a progenitora comentou o envolvimento da filha com <strong>Dylan, <\/strong>deixando a sua opini\u00e3o sobre o inesperado romance que tem marcado as \u00faltimas semanas do reality show.<\/p>\n<p><strong>\u201cNamoro? Chame o que quiser, est\u00e1 a divertir-se, \u00e9 o que me interessa. N\u00e3o consigo ter opini\u00e3o sobre algo t\u00e3o recente, est\u00e3o fechados l\u00e1 dentro. Para mim isto \u00e9 um divertimento. Ela tem de se divertir e fazer o que tem de fazer l\u00e1 dentro\u201d,<\/strong> come\u00e7ou por reagir a m\u00e3e da concorrente.<\/p>\n<p>Alheia \u00e0s cr\u00edticas, a m\u00e3e de In\u00eas refor\u00e7a que estar\u00e1 sempre a apoiar a filha:<strong> \u201cNem sei se \u00e9 ou n\u00e3o jogo, se est\u00e3o ou n\u00e3o apaixonados. Acho tudo muito recente. O que me interessa \u00e9 que a minha filha sinta a for\u00e7a da fam\u00edlia e saiba que estamos com ela\u201d<\/strong>.<\/p>\n<p><strong>\u201cN\u00e3o me custa nada ouvir o que dizem. Sou muito aberta e levo tudo na desportiva. S\u00e3o pessoas, e tudo isto faz parte.\u201d<\/strong>, acrescentou ainda Carla Gama.<\/p>\n<p>J\u00e1 sobre<strong> Vera,<\/strong> a m\u00e3e de In\u00eas atira: <strong>\u201cA Vera \u00e9 uma pessoa que eu n\u00e3o conhe\u00e7o. N\u00e3o sei o que ela sente. Nem vejo metade do que vai na Internet, decidi n\u00e3o ver para me proteger. N\u00e3o gosto de emprenhar pelos ouvi-dos, nem dar palco a quem n\u00e3o tem de ter palco\u201d.<\/strong><\/p>\n<p><strong>Leia tamb\u00e9m:<\/strong><\/p>\n<p>\t\t\t\t\t\t\t\t\t\t\t\t\t\t\t\t\t\t\t\t\t\t\t\t\t<img decoding=\"async\" src=\"https:\/\/www.europesays.com\/pt\/wp-content\/uploads\/2025\/10\/cusquices-logo-52x.png\" class=\"webpexpress-processed\"\/><\/p>\n<p>\t\t\t\t\t\t\t\t\t\t\t\t\t\t\t\t\t\t\t\t\t            \t\t\t\t\t\t\t\t\t\t\t\t\t\t\t\t\t\t\t\t\t\t\t\t\t\t\t\t\t\t\t\t\t\t\t\t\t\t\t<script async src=\"https:\/\/platform.twitter.com\/widgets.js\" charset=\"utf-8\"><\/script><\/p>\n","protected":false},"excerpt":{"rendered":"Share Tweet Share Share Email O romance rel\u00e2mpago entre In\u00eas Gama e Dylan Fonte dentro da casa do&hellip;\n","protected":false},"author":2,"featured_media":150980,"comment_status":"","ping_status":"","sticky":false,"template":"","format":"standard","meta":{"footnotes":""},"categories":[85],"tags":[2632,49,21040,114,115,25393,32,33],"class_list":{"0":"post-150979","1":"post","2":"type-post","3":"status-publish","4":"format-standard","5":"has-post-thumbnail","7":"category-entretenimento","8":"tag-casa-dos-segredos","9":"tag-destaques","10":"tag-dylan-fonte","11":"tag-entertainment","12":"tag-entretenimento","13":"tag-ines-gama","14":"tag-portugal","15":"tag-pt"},"share_on_mastodon":{"url":"https:\/\/pubeurope.com\/@pt\/115544296425765802","error":""},"_links":{"self":[{"href":"https:\/\/www.europesays.com\/pt\/wp-json\/wp\/v2\/posts\/150979","targetHints":{"allow":["GET"]}}],"collection":[{"href":"https:\/\/www.europesays.com\/pt\/wp-json\/wp\/v2\/posts"}],"about":[{"href":"https:\/\/www.europesays.com\/pt\/wp-json\/wp\/v2\/types\/post"}],"author":[{"embeddable":true,"href":"https:\/\/www.europesays.com\/pt\/wp-json\/wp\/v2\/users\/2"}],"replies":[{"embeddable":true,"href":"https:\/\/www.europesays.com\/pt\/wp-json\/wp\/v2\/comments?post=150979"}],"version-history":[{"count":0,"href":"https:\/\/www.europesays.com\/pt\/wp-json\/wp\/v2\/posts\/150979\/revisions"}],"wp:featuredmedia":[{"embeddable":true,"href":"https:\/\/www.europesays.com\/pt\/wp-json\/wp\/v2\/media\/150980"}],"wp:attachment":[{"href":"https:\/\/www.europesays.com\/pt\/wp-json\/wp\/v2\/media?parent=150979"}],"wp:term":[{"taxonomy":"category","embeddable":true,"href":"https:\/\/www.europesays.com\/pt\/wp-json\/wp\/v2\/categories?post=150979"},{"taxonomy":"post_tag","embeddable":true,"href":"https:\/\/www.europesays.com\/pt\/wp-json\/wp\/v2\/tags?post=150979"}],"curies":[{"name":"wp","href":"https:\/\/api.w.org\/{rel}","templated":true}]}}