{"id":151010,"date":"2025-11-13T21:20:14","date_gmt":"2025-11-13T21:20:14","guid":{"rendered":"https:\/\/www.europesays.com\/pt\/151010\/"},"modified":"2025-11-13T21:20:14","modified_gmt":"2025-11-13T21:20:14","slug":"familia-e-um-sentimento-diz-diretor-de-o-filho-de-mil-homens","status":"publish","type":"post","link":"https:\/\/www.europesays.com\/pt\/151010\/","title":{"rendered":"\u201cFam\u00edlia \u00e9 um sentimento\u201d, diz diretor de \u2018O Filho de Mil Homens\u2019"},"content":{"rendered":"<p>                                <img decoding=\"async\" fetchpriority=\"high\" width=\"1280\" height=\"720\" src=\"https:\/\/www.europesays.com\/pt\/wp-content\/uploads\/2025\/11\/filhodemilhomens.jpg\" alt=\"Cena do filme 'Filho de Mil Homens' -\" class=\"media \"\/>                Cena do filme &#8216;Filho de Mil Homens&#8217; &#8211; \u00a0(\/\/Netflix)<\/p>\n<p>                    Continua ap\u00f3s publicidade<\/p>\n<p>Quando chegou aos 40 anos de idade, o autor portugu\u00eas <a href=\"https:\/\/veja.abril.com.br\/coluna\/em-cartaz\/valter-hugo-mae-minha-obrigacao-e-tornar-a-vida-suportavel\/\" target=\"_blank\" rel=\"noopener nofollow\"><strong>Valter Hugo M\u00e3e<\/strong><\/a> entrou em uma crise existencial relacionada ao fato de n\u00e3o ter tido filhos at\u00e9 ali. A ang\u00fastia o levou a escrever rapidamente o livro <strong>O Filho de Mil Homens<\/strong>, no qual repassou seus sentimentos para o protagonista fict\u00edcio Cris\u00f3stomo. A obra po\u00e9tica, como todas do escritor, acompanha ent\u00e3o o encontro de Cris\u00f3stomo com Camilo, um garoto \u00f3rf\u00e3o, e depois com outros personagens solit\u00e1rios, que juntos v\u00e3o formando uma fam\u00edlia peculiar. Foi esse conceito de \u201cenlargamento de fam\u00edlia\u201d que atraiu o diretor <strong>Daniel Rezende<\/strong> para a miss\u00e3o de adaptar o livro. O resultado pode ser visto na <strong>Netflix<\/strong> a partir de quarta-feira, 19 de novembro, quando estreia o filme de mesmo nome estrelado por <strong>Rodrigo Santoro<\/strong>. O ator e o diretor falaram a VEJA sobre a produ\u00e7\u00e3o, confira no v\u00eddeo a seguir.\u00a0<\/p>\n","protected":false},"excerpt":{"rendered":"Cena do filme &#8216;Filho de Mil Homens&#8217; &#8211; \u00a0(\/\/Netflix) Continua ap\u00f3s publicidade Quando chegou aos 40 anos de&hellip;\n","protected":false},"author":2,"featured_media":151011,"comment_status":"","ping_status":"","sticky":false,"template":"","format":"standard","meta":{"footnotes":""},"categories":[140],"tags":[114,115,147,148,146,32,33],"class_list":{"0":"post-151010","1":"post","2":"type-post","3":"status-publish","4":"format-standard","5":"has-post-thumbnail","7":"category-filmes","8":"tag-entertainment","9":"tag-entretenimento","10":"tag-film","11":"tag-filmes","12":"tag-movies","13":"tag-portugal","14":"tag-pt"},"share_on_mastodon":{"url":"https:\/\/pubeurope.com\/@pt\/115544485296156842","error":""},"_links":{"self":[{"href":"https:\/\/www.europesays.com\/pt\/wp-json\/wp\/v2\/posts\/151010","targetHints":{"allow":["GET"]}}],"collection":[{"href":"https:\/\/www.europesays.com\/pt\/wp-json\/wp\/v2\/posts"}],"about":[{"href":"https:\/\/www.europesays.com\/pt\/wp-json\/wp\/v2\/types\/post"}],"author":[{"embeddable":true,"href":"https:\/\/www.europesays.com\/pt\/wp-json\/wp\/v2\/users\/2"}],"replies":[{"embeddable":true,"href":"https:\/\/www.europesays.com\/pt\/wp-json\/wp\/v2\/comments?post=151010"}],"version-history":[{"count":0,"href":"https:\/\/www.europesays.com\/pt\/wp-json\/wp\/v2\/posts\/151010\/revisions"}],"wp:featuredmedia":[{"embeddable":true,"href":"https:\/\/www.europesays.com\/pt\/wp-json\/wp\/v2\/media\/151011"}],"wp:attachment":[{"href":"https:\/\/www.europesays.com\/pt\/wp-json\/wp\/v2\/media?parent=151010"}],"wp:term":[{"taxonomy":"category","embeddable":true,"href":"https:\/\/www.europesays.com\/pt\/wp-json\/wp\/v2\/categories?post=151010"},{"taxonomy":"post_tag","embeddable":true,"href":"https:\/\/www.europesays.com\/pt\/wp-json\/wp\/v2\/tags?post=151010"}],"curies":[{"name":"wp","href":"https:\/\/api.w.org\/{rel}","templated":true}]}}