{"id":151023,"date":"2025-11-13T21:36:07","date_gmt":"2025-11-13T21:36:07","guid":{"rendered":"https:\/\/www.europesays.com\/pt\/151023\/"},"modified":"2025-11-13T21:36:07","modified_gmt":"2025-11-13T21:36:07","slug":"vingadores-guerras-secretas-ganha-data-para-inicio-das-filmagens","status":"publish","type":"post","link":"https:\/\/www.europesays.com\/pt\/151023\/","title":{"rendered":"&#8216;Vingadores: Guerras Secretas&#8217; ganha data para in\u00edcio das filmagens"},"content":{"rendered":"<p>Aos entusiastas do Universo Cinematogr\u00e1fico da <a href=\"https:\/\/recreio.com.br\/tags\/marvel\" target=\"_blank\" rel=\"noopener nofollow\">Marvel<\/a>, o pr\u00f3ximo ano ser\u00e1 agitado! Nesta quinta-feira, 13, foi divulgado que o aguardado blockbuster \u2018Vingadores: Guerras Secretas\u2019 j\u00e1 tem uma data prevista para o in\u00edcio das filmagens. <\/p>\n<p>Acontece que o The Hollywood Reporter compartilhou que o est\u00fadio planeja entrar em produ\u00e7\u00e3o no ver\u00e3o do hemisf\u00e9rio norte (ou seja, no inverno brasileiro), em junho de 2026, antes do lan\u00e7amento oficial de \u2018Vingadores: Doomsday\u2019. Segundo veiculado, os diretores\u00a0<strong>Joe <\/strong>e <strong>Anthony Russo\u00a0<\/strong>est\u00e3o no processo de finaliza\u00e7\u00e3o da p\u00f3s-produ\u00e7\u00e3o do filme que marca o retorno da equipe de her\u00f3is as telonas, que ainda passar\u00e1 por grava\u00e7\u00f5es nos primeiros meses do ano.<\/p>\n<p> Sobre \u2018Vingadores: Doomsday\u2019 <\/p>\n<p>O longa-metragem que adaptar\u00e1 diversos arcos dentro das hist\u00f3rias em quadrinhos da <a href=\"https:\/\/www.marvel.com\/\" target=\"_blank\" rel=\"noopener nofollow\">Marvel Comics<\/a> reunir\u00e1 a maioria dos personagens j\u00e1 conhecidos pelos f\u00e3s, entre eles, os veteranos da franquia: <strong>Chris Hemsworth<\/strong> como Thor, <strong>Anthony Mackie<\/strong> como Capit\u00e3o Am\u00e9rica, <strong>Sebastian Stan<\/strong> como Soldado Invernal, <strong>Paul Rudd<\/strong> como Homem-Formiga, <strong>Winston Duke<\/strong> como M\u2019Baku e <strong>Letitia Wright<\/strong> como Shuri.<\/p>\n<p>Al\u00e9m deles, as fases 4 e 5 do <a href=\"https:\/\/recreio.com.br\/noticias\/entretenimento\/em-que-lugar-da-linha-do-tempo-do-mcu-quarteto-fantastico-primeiros-passos-se-encaixa.phtml\" target=\"_blank\" rel=\"noopener nofollow\">MCU<\/a> tamb\u00e9m garantem participa\u00e7\u00f5es de novas figuras das telinas, incluindo <strong>Simu Liu<\/strong> como Shang-Chi, <strong>Danny Ramirez<\/strong> como o novo Falc\u00e3o, e todo o elenco do novo Quarteto Fant\u00e1stico: <strong>Pedro Pascal<\/strong> como Sr. Fant\u00e1stico, <strong>Vanessa Kirby<\/strong> como Mulher Invis\u00edvel, <strong>Joseph Quinn<\/strong> como Tocha Humana e <a href=\"https:\/\/www.instagram.com\/ebonmossbachrach\/?hl=en\" target=\"_blank\" rel=\"noopener nofollow\"><strong>Ebon Moss-Bachrach<\/strong><\/a> como o Coisa. O grupo dos Thunderbolts tamb\u00e9m marcar\u00e1 presen\u00e7a, com <strong>Florence Pugh, Wyatt Russell, David Harbour, Hanah John-Kamen<\/strong> e <strong>Lewis Pullman<\/strong> confirmados.<\/p>\n<p>Um dos momentos mais aguardados pelos marvetes tamb\u00e9m acontece em \u2018Doomsday\u2019, ao que a trama conta com a presen\u00e7a dos X-Men da antiga franquia da Fox.<strong> Patrick Stewart<\/strong> e <strong>Ian McKellen<\/strong> retornam como Professor X e Magneto, respectivamente, ao lado de <strong>James Marsden, Alan Cumming, Kelsey Grammer, Rebecca Romijn <\/strong>e<strong> Channing Tatum<\/strong>, que far\u00e1 sua estreia oficial como Gambit ap\u00f3s \u2018<a href=\"https:\/\/pt.wikipedia.org\/wiki\/Deadpool_%26_Wolverine\" target=\"_blank\" rel=\"noopener nofollow\">Deadpool &amp; Wolverine<\/a>\u2018.<\/p>\n<p>Vale lembrar que \u2018Vingadores: Doomsday\u2019 ter\u00e1 como antagonista o Doutor Destino, interpretado por <strong>Robert Downey Jr.<\/strong>, e tem estreia marcada para dia 18 de dezembro de 2026, enquanto \u2018Guerras Secretas\u2019 chega apenas no ano seguinte.<\/p>\n<p>\t                                            <script async src=\"\/\/www.instagram.com\/embed.js\"><\/script><\/p>\n","protected":false},"excerpt":{"rendered":"Aos entusiastas do Universo Cinematogr\u00e1fico da Marvel, o pr\u00f3ximo ano ser\u00e1 agitado! Nesta quinta-feira, 13, foi divulgado que&hellip;\n","protected":false},"author":2,"featured_media":151024,"comment_status":"","ping_status":"","sticky":false,"template":"","format":"standard","meta":{"footnotes":""},"categories":[140],"tags":[114,115,147,148,792,146,32,33,6386,16368],"class_list":{"0":"post-151023","1":"post","2":"type-post","3":"status-publish","4":"format-standard","5":"has-post-thumbnail","7":"category-filmes","8":"tag-entertainment","9":"tag-entretenimento","10":"tag-film","11":"tag-filmes","12":"tag-marvel","13":"tag-movies","14":"tag-portugal","15":"tag-pt","16":"tag-vingadores","17":"tag-vingadores-guerras-secretas"},"share_on_mastodon":{"url":"https:\/\/pubeurope.com\/@pt\/115544547888309492","error":""},"_links":{"self":[{"href":"https:\/\/www.europesays.com\/pt\/wp-json\/wp\/v2\/posts\/151023","targetHints":{"allow":["GET"]}}],"collection":[{"href":"https:\/\/www.europesays.com\/pt\/wp-json\/wp\/v2\/posts"}],"about":[{"href":"https:\/\/www.europesays.com\/pt\/wp-json\/wp\/v2\/types\/post"}],"author":[{"embeddable":true,"href":"https:\/\/www.europesays.com\/pt\/wp-json\/wp\/v2\/users\/2"}],"replies":[{"embeddable":true,"href":"https:\/\/www.europesays.com\/pt\/wp-json\/wp\/v2\/comments?post=151023"}],"version-history":[{"count":0,"href":"https:\/\/www.europesays.com\/pt\/wp-json\/wp\/v2\/posts\/151023\/revisions"}],"wp:featuredmedia":[{"embeddable":true,"href":"https:\/\/www.europesays.com\/pt\/wp-json\/wp\/v2\/media\/151024"}],"wp:attachment":[{"href":"https:\/\/www.europesays.com\/pt\/wp-json\/wp\/v2\/media?parent=151023"}],"wp:term":[{"taxonomy":"category","embeddable":true,"href":"https:\/\/www.europesays.com\/pt\/wp-json\/wp\/v2\/categories?post=151023"},{"taxonomy":"post_tag","embeddable":true,"href":"https:\/\/www.europesays.com\/pt\/wp-json\/wp\/v2\/tags?post=151023"}],"curies":[{"name":"wp","href":"https:\/\/api.w.org\/{rel}","templated":true}]}}