{"id":151029,"date":"2025-11-13T21:43:48","date_gmt":"2025-11-13T21:43:48","guid":{"rendered":"https:\/\/www.europesays.com\/pt\/151029\/"},"modified":"2025-11-13T21:43:48","modified_gmt":"2025-11-13T21:43:48","slug":"manifestantes-forcam-entrada-no-recinto-da-cop30-confrontos-fazem-um-ferido-cop30","status":"publish","type":"post","link":"https:\/\/www.europesays.com\/pt\/151029\/","title":{"rendered":"Manifestantes for\u00e7am entrada no recinto da COP30. Confrontos fazem um ferido | COP30"},"content":{"rendered":"<p>Dezenas de manifestantes for\u00e7aram nesta ter\u00e7a-feira a entrada no recinto onde decorre a COP30 em Bel\u00e9m do Par\u00e1, no Brasil, tendo entrado em confrontos f\u00edsicos com a equipa de seguran\u00e7a da 30.\u00aa Confer\u00eancia das Na\u00e7\u00f5es Unidas sobre <a href=\"https:\/\/www.publico.pt\/azul\/abc-da-terra\/alteracoes-climaticas\" rel=\"nofollow noopener\" target=\"_blank\">Altera\u00e7\u00f5es Clim\u00e1ticas<\/a>. Um dos seguran\u00e7as ficou ferido, com um corte na testa, ap\u00f3s ter sido atingido por um tambor lan\u00e7ado por um manifestante. A confer\u00eancia decorre at\u00e9 21 de Novembro.<\/p>\n<p>Segundo a televis\u00e3o brasileira Band, activistas ind\u00edgenas e outros manifestantes \u2014 alguns vestindo camisolas do Partido Socialismo Liberdade (PSOL) \u2014 vandalizaram a porta do edif\u00edcio e, j\u00e1 dentro do recinto, foram travados por um cord\u00e3o humano composto por elementos das for\u00e7as de seguran\u00e7a. Uma testemunha disse \u00e0 Reuters ter visto um seguran\u00e7a ser levado do local de cadeira de rodas, n\u00e3o se sabendo se se trata do ferido noticiado.<\/p>\n<p>Na sequ\u00eancia dos tumultos, os eventos programados para o final do segundo dia da <a href=\"https:\/\/www.publico.pt\/2025\/11\/10\/azul\/noticia\/barato-acabar-problema-clima-guerra-2154056\" rel=\"nofollow noopener\" target=\"_blank\">COP30<\/a> foram cancelados cerca de duas horas antes do t\u00e9rmino previsto.<\/p>\n<p>Valter Correia, secret\u00e1rio da COP30, disse que a organiza\u00e7\u00e3o da confer\u00eancia estava a tomar as medidas necess\u00e1rias na sequ\u00eancia dos incidentes. &#8220;A ONU tem todos os seus protocolos de seguran\u00e7a&#8221;, acrescentou, citado pelo portal brasileiro G1.<\/p>\n<p>Alguns dos manifestantes violentos poder\u00e3o ter participado na Marcha Pela Sa\u00fade e Clima, um protesto tamb\u00e9m realizado na ter\u00e7a-feira, 11, e que reuniu milhares de pessoas em Bel\u00e9m do Par\u00e1 com o objectivo de &#8220;chamar aten\u00e7\u00e3o para os impactos das mudan\u00e7as clim\u00e1ticas na sa\u00fade p\u00fablica e para a necessidade urgente de pol\u00edticas que protejam tanto as pessoas quanto o planeta&#8221;.<\/p>\n<p>Numa nota divulgada pela organiza\u00e7\u00e3o do protesto, os referidos actos &#8220;ocorreram ap\u00f3s a marcha&#8221; pac\u00edfica e nada tiveram a ver com os organizadores.<\/p>\n","protected":false},"excerpt":{"rendered":"Dezenas de manifestantes for\u00e7aram nesta ter\u00e7a-feira a entrada no recinto onde decorre a COP30 em Bel\u00e9m do Par\u00e1,&hellip;\n","protected":false},"author":2,"featured_media":151030,"comment_status":"","ping_status":"","sticky":false,"template":"","format":"standard","meta":{"footnotes":""},"categories":[50],"tags":[2335,785,726,27,28,2271,6391,15,16,14,25,26,21,22,18000,62,12,13,19,20,23,24,4256,17,18,29,30,31,63,64,65],"class_list":{"0":"post-151029","1":"post","2":"type-post","3":"status-publish","4":"format-standard","5":"has-post-thumbnail","7":"category-mundo","8":"tag-alteracoes-climaticas","9":"tag-azul","10":"tag-brasil","11":"tag-breaking-news","12":"tag-breakingnews","13":"tag-clima","14":"tag-cop30","15":"tag-featured-news","16":"tag-featurednews","17":"tag-headlines","18":"tag-latest-news","19":"tag-latestnews","20":"tag-main-news","21":"tag-mainnews","22":"tag-manifestacao","23":"tag-mundo","24":"tag-news","25":"tag-noticias","26":"tag-noticias-principais","27":"tag-noticiasprincipais","28":"tag-principais-noticias","29":"tag-principaisnoticias","30":"tag-protestos","31":"tag-top-stories","32":"tag-topstories","33":"tag-ultimas","34":"tag-ultimas-noticias","35":"tag-ultimasnoticias","36":"tag-world","37":"tag-world-news","38":"tag-worldnews"},"share_on_mastodon":{"url":"https:\/\/pubeurope.com\/@pt\/115544579290065245","error":""},"_links":{"self":[{"href":"https:\/\/www.europesays.com\/pt\/wp-json\/wp\/v2\/posts\/151029","targetHints":{"allow":["GET"]}}],"collection":[{"href":"https:\/\/www.europesays.com\/pt\/wp-json\/wp\/v2\/posts"}],"about":[{"href":"https:\/\/www.europesays.com\/pt\/wp-json\/wp\/v2\/types\/post"}],"author":[{"embeddable":true,"href":"https:\/\/www.europesays.com\/pt\/wp-json\/wp\/v2\/users\/2"}],"replies":[{"embeddable":true,"href":"https:\/\/www.europesays.com\/pt\/wp-json\/wp\/v2\/comments?post=151029"}],"version-history":[{"count":0,"href":"https:\/\/www.europesays.com\/pt\/wp-json\/wp\/v2\/posts\/151029\/revisions"}],"wp:featuredmedia":[{"embeddable":true,"href":"https:\/\/www.europesays.com\/pt\/wp-json\/wp\/v2\/media\/151030"}],"wp:attachment":[{"href":"https:\/\/www.europesays.com\/pt\/wp-json\/wp\/v2\/media?parent=151029"}],"wp:term":[{"taxonomy":"category","embeddable":true,"href":"https:\/\/www.europesays.com\/pt\/wp-json\/wp\/v2\/categories?post=151029"},{"taxonomy":"post_tag","embeddable":true,"href":"https:\/\/www.europesays.com\/pt\/wp-json\/wp\/v2\/tags?post=151029"}],"curies":[{"name":"wp","href":"https:\/\/api.w.org\/{rel}","templated":true}]}}