{"id":151035,"date":"2025-11-13T21:53:12","date_gmt":"2025-11-13T21:53:12","guid":{"rendered":"https:\/\/www.europesays.com\/pt\/151035\/"},"modified":"2025-11-13T21:53:12","modified_gmt":"2025-11-13T21:53:12","slug":"homem-do-amanha-tera-brainiac-como-vilao-conheca-o-person","status":"publish","type":"post","link":"https:\/\/www.europesays.com\/pt\/151035\/","title":{"rendered":"Homem do Amanh\u00e3 ter\u00e1 Brainiac como vil\u00e3o; conhe\u00e7a o person"},"content":{"rendered":"<p>  <img decoding=\"async\" src=\"https:\/\/cdn.ome.lt\/static\/omelete\/img\/loading.svg\" alt=\"\"\/><\/p>\n<p>  <img decoding=\"async\" class=\"article__cover__image\" data-lazy-src-mob=\"\/\/cdn.ome.lt\/7Of8xQr0pr2GAB5luy8l47jwZrQ=\/570x0\/smart\/filters:format(webp)\/uploads\/conteudo\/fotos\/Brainiac.jpg\" data-lazy-src=\"https:\/\/cdn.ome.lt\/YhI12myQkt2aDvuP-9rQIgB9WZM=\/987x0\/smart\/filters:format(webp)\/uploads\/conteudo\/fotos\/Brainiac.jpg\" src=\"data:image\/png;base64,iVBORw0KGgoAAAANSUhEUgAAAAEAAAABCAQAAAC1HAwCAAAAC0lEQVR42mNkYAAAAAYAAjCB0C8AAAAASUVORK5CYII=\" alt=\"Brainiac\" title=\"Brainiac\" width=\"987\" height=\"555\" fetchpriority=\"high\"\/><\/p>\n<p class=\"article__cover__credits\">\n  Cr\u00e9ditos da imagem:<br \/>\n  Reprodu\u00e7\u00e3o\n<\/p>\n<p>Segundo informa\u00e7\u00f5es do<a href=\"https:\/\/www.thewrap.com\/man-of-tomorrow-villain-brainiac-superman-sequel\/\" rel=\"nofollow noopener\" target=\"_blank\">\u00a0<\/a><a href=\"https:\/\/www.thewrap.com\/man-of-tomorrow-villain-brainiac-superman-sequel\/\" rel=\"nofollow noopener\" target=\"_blank\">The Wrap<\/a>,\u00a0o grande vil\u00e3o de\u00a0<a href=\"https:\/\/www.omelete.com.br\/busca?q=superman+2\" rel=\"nofollow noopener\" target=\"_blank\"><strong>Superman: Homem do Amanh\u00e3<\/strong><\/a>,\u00a0ser\u00e1 Brainiac. A produ\u00e7\u00e3o do filme deve come\u00e7ar em abril de 2026, em Atlanta.<\/p>\n<p>Ainda n\u00e3o se sabe quem vai interpretar o vil\u00e3o, entretanto, \u00e9 bem prov\u00e1vel que essa informa\u00e7\u00e3o acabe sendo revelada quando a produ\u00e7\u00e3o estiver mais avan\u00e7ada. Recentemente, <a href=\"https:\/\/www.omelete.com.br\/filmes\/superman-2-homem-do-amanha-descricao-do-possivel-vilao\" rel=\"nofollow noopener\" target=\"_blank\">havia sido especulado que Brainiac ou Mongul <\/a>estariam cotados para ser o principal inimigo do longa.\u00a0<\/p>\n<p>            Continua depois da Publicidade<\/p>\n<p>    Quem \u00e9 Brainiac?<\/p>\n<p>Inicialmente, Brainiac era um alien\u00edgena humanoide de Colu, um supercomputador vivo que viajava pelo universo coletando conhecimento. Em vers\u00f5es mais modernas, ele foi criado pela<strong> <\/strong>entidade computadorizada de Krypton, a Tecno-Entidade, que o enviou para coletar dados antes da destrui\u00e7\u00e3o do planeta.\u00a0<\/p>\n<p>Ele chega a um planeta, extrai uma cidade (como Kandor, a cidade kryptoniana que ele roubou), encolhe-a e a preserva em um frasco para estudo, e depois extermina a civiliza\u00e7\u00e3o restante como parte de seu &#8220;processo de purifica\u00e7\u00e3o de dados&#8221;. Em muitas hist\u00f3rias, ele v\u00ea a si como um agente de uma evolu\u00e7\u00e3o c\u00f3smica necess\u00e1ria, eliminando esp\u00e9cies &#8220;inferiores&#8221; para dar espa\u00e7o a formas de vida mais avan\u00e7adas.<\/p>\n<p>    <strong>Tudo sobre Man of Tomorrow, a continua\u00e7\u00e3o de Superman<\/strong><\/p>\n<p>            Continua depois da Publicidade<\/p>\n<p>Depois de arrecadar mais de US$ 610 milh\u00f5es e garantir uma \u00f3tima recep\u00e7\u00e3o cr\u00edtica,\u00a0Superman\u00a0ganhar\u00e1 uma continua\u00e7\u00e3o em julho de 2027 chamada <strong>M<\/strong><strong>an of Tomorrow<\/strong>, ou\u00a0Homem do Amanh\u00e3. Novamente com dire\u00e7\u00e3o e roteiro de\u00a0<strong>James Gunn<\/strong>, o filme trar\u00e1 de volta\u00a0<strong>David Corenswet\u00a0<\/strong>como Clark Kent,\u00a0<strong>Nicholas Hoult\u00a0<\/strong>como Lex Luthor e\u00a0<strong>Rachel Brosnahan\u00a0<\/strong>como Lois Lane.<\/p>\n<p>Al\u00e9m deles, \u00e9 esperado que a Gangue da Justi\u00e7a (<strong>Nathan Fillion\u00a0<\/strong>como Lanterna Verde,\u00a0<strong>Isabela Merced\u00a0<\/strong>como Mulher-Gavi\u00e3o,\u00a0<strong>Edi Gathegi\u00a0<\/strong>como Senhor Incr\u00edvel e\u00a0<strong>Anthony Carrigan\u00a0<\/strong>como Metamorfo) retornem, reprisando os pap\u00e9is dos her\u00f3is.<\/p>\n<p>    <strong>Qual \u00e9 a hist\u00f3ria de Superman: Man of Tomorrow?<\/strong><\/p>\n<p>A hist\u00f3ria envolver\u00e1 Superman e Lex Luthor for\u00e7ados a trabalhar juntos numa fr\u00e1gil uni\u00e3o para impedir uma amea\u00e7a ao planeta. Gunn ainda n\u00e3o revelou que antagonista ser\u00e1 respons\u00e1vel por colocar her\u00f3i e vil\u00e3o do mesmo lado, mas a teoria principal (uma que ganhou for\u00e7a depois que uma foto do roteiro mostrou um c\u00e9rebro na capa) \u00e9 a de Brainiac, intelig\u00eancia artificial que, muitas vezes, \u00e9 tida como a respons\u00e1vel pela destrui\u00e7\u00e3o de Krypton nos quadrinhos.<\/p>\n<p>Sabemos, por\u00e9m, que Lex Luthor finalmente usar\u00e1 sua armadura verde e poderosa em\u00a0Man of Tomorrow. Essa ser\u00e1 a primeira vez que o equipamento, usado pelo vil\u00e3o quando ele decide resolver as coisas com o pr\u00f3prio bra\u00e7o, ser\u00e1 visto num filme live-action.<\/p>\n<p>            Continua depois da Publicidade<\/p>\n<p>Man of Tomorrow, a continua\u00e7\u00e3o de\u00a0Superman,\u00a0estreia no Brasil em\u00a08 de julho de 2027. Seu lan\u00e7amento ser\u00e1 no anivers\u00e1rio de dois anos de\u00a0Superman, que j\u00e1 est\u00e1 dispon\u00edvel no HBO Max.<\/p>\n<p>\u00a0<\/p>\n<p>            Continua depois da Publicidade<\/p>\n","protected":false},"excerpt":{"rendered":"Cr\u00e9ditos da imagem: Reprodu\u00e7\u00e3o Segundo informa\u00e7\u00f5es do\u00a0The Wrap,\u00a0o grande vil\u00e3o de\u00a0Superman: Homem do Amanh\u00e3,\u00a0ser\u00e1 Brainiac. A produ\u00e7\u00e3o do&hellip;\n","protected":false},"author":2,"featured_media":151036,"comment_status":"","ping_status":"","sticky":false,"template":"","format":"standard","meta":{"footnotes":""},"categories":[140],"tags":[114,115,147,148,146,32,33],"class_list":{"0":"post-151035","1":"post","2":"type-post","3":"status-publish","4":"format-standard","5":"has-post-thumbnail","7":"category-filmes","8":"tag-entertainment","9":"tag-entretenimento","10":"tag-film","11":"tag-filmes","12":"tag-movies","13":"tag-portugal","14":"tag-pt"},"share_on_mastodon":{"url":"https:\/\/pubeurope.com\/@pt\/115544615046699541","error":""},"_links":{"self":[{"href":"https:\/\/www.europesays.com\/pt\/wp-json\/wp\/v2\/posts\/151035","targetHints":{"allow":["GET"]}}],"collection":[{"href":"https:\/\/www.europesays.com\/pt\/wp-json\/wp\/v2\/posts"}],"about":[{"href":"https:\/\/www.europesays.com\/pt\/wp-json\/wp\/v2\/types\/post"}],"author":[{"embeddable":true,"href":"https:\/\/www.europesays.com\/pt\/wp-json\/wp\/v2\/users\/2"}],"replies":[{"embeddable":true,"href":"https:\/\/www.europesays.com\/pt\/wp-json\/wp\/v2\/comments?post=151035"}],"version-history":[{"count":0,"href":"https:\/\/www.europesays.com\/pt\/wp-json\/wp\/v2\/posts\/151035\/revisions"}],"wp:featuredmedia":[{"embeddable":true,"href":"https:\/\/www.europesays.com\/pt\/wp-json\/wp\/v2\/media\/151036"}],"wp:attachment":[{"href":"https:\/\/www.europesays.com\/pt\/wp-json\/wp\/v2\/media?parent=151035"}],"wp:term":[{"taxonomy":"category","embeddable":true,"href":"https:\/\/www.europesays.com\/pt\/wp-json\/wp\/v2\/categories?post=151035"},{"taxonomy":"post_tag","embeddable":true,"href":"https:\/\/www.europesays.com\/pt\/wp-json\/wp\/v2\/tags?post=151035"}],"curies":[{"name":"wp","href":"https:\/\/api.w.org\/{rel}","templated":true}]}}